{"id":3039,"date":"2024-09-03T22:05:25","date_gmt":"2024-09-03T22:05:25","guid":{"rendered":"https:\/\/www.advhome.it\/richiamo-attivita-stagioni"},"modified":"2024-09-08T20:19:11","modified_gmt":"2024-09-08T20:19:11","slug":"richiamo-activites-saisons","status":"publish","type":"post","link":"https:\/\/www.advhome.it\/fr\/richiamo-activites-saisons","title":{"rendered":"Richiamo Activit\u00e9s &#8211; Saisons"},"content":{"rendered":"<div class=\"fusion-fullwidth fullwidth-box fusion-builder-row-1 fusion-flex-container has-pattern-background has-mask-background attivita-cont-richiami nonhundred-percent-fullwidth non-hundred-percent-height-scrolling\" style=\"--awb-border-radius-top-left:0px;--awb-border-radius-top-right:0px;--awb-border-radius-bottom-right:0px;--awb-border-radius-bottom-left:0px;--awb-flex-wrap:wrap;\" ><div class=\"fusion-builder-row fusion-row fusion-flex-align-items-flex-start fusion-flex-content-wrap\" style=\"max-width:1352px;margin-left: calc(-4% \/ 2 );margin-right: calc(-4% \/ 2 );\"><div class=\"fusion-layout-column fusion_builder_column fusion-builder-column-0 fusion_builder_column_1_1 1_1 fusion-flex-column\" style=\"--awb-bg-size:cover;--awb-width-large:100%;--awb-margin-top-large:0px;--awb-spacing-right-large:1.92%;--awb-margin-bottom-large:20px;--awb-spacing-left-large:1.92%;--awb-width-medium:100%;--awb-order-medium:0;--awb-spacing-right-medium:1.92%;--awb-spacing-left-medium:1.92%;--awb-width-small:100%;--awb-order-small:0;--awb-spacing-right-small:1.92%;--awb-spacing-left-small:1.92%;\"><div class=\"fusion-column-wrapper fusion-column-has-shadow fusion-flex-justify-content-flex-start fusion-content-layout-column\"><div class=\"fusion-text fusion-text-1\"><h3 style=\"text-align: center;\">Bolzano au fil des saisons<\/h3>\n<\/div><div class=\"fusion-post-cards fusion-post-cards-1 fusion-grid-archive fusion-grid-columns-4\" style=\"--awb-column-spacing:20px;--awb-dots-align:center;--awb-filters-color:var(--awb-color6);--awb-active-filter-border-size:3px;--awb-filters-height:36px;--awb-row-spacing:20px;\"><ul class=\"fusion-grid fusion-grid-4 fusion-flex-align-items-stretch fusion-grid-posts-cards\"><li class=\"fusion-layout-column fusion_builder_column fusion-builder-column-1 fusion-flex-column fusion-column-inner-bg-wrapper post-card fusion-grid-column fusion-post-cards-grid-column\" style=\"--awb-inner-bg-blend:overlay;--awb-inner-bg-size:cover;--awb-transform:translateY(0px);--awb-transform-hover:translateY(10px);--awb-flex-grow:0;--awb-flex-shrink:0;--awb-flex-grow-medium:0;--awb-flex-shrink-medium:0;--awb-flex-grow-small:0;--awb-flex-shrink-small:0;\" data-scroll-devices=\"small-visibility,medium-visibility,large-visibility\"><span class=\"fusion-column-inner-bg hover-type-none\"><a class=\"fusion-column-anchor\" href=\"https:\/\/www.advhome.it\/fr\/printemps-a-bolzano-tyrol-du-sud\"><span class=\"fusion-column-inner-bg-image\"><\/span><\/a><\/span><div class=\"fusion-column-wrapper fusion-column-has-shadow fusion-flex-justify-content-flex-start fusion-content-layout-column\"><div class=\"fusion-classic-product-image-wrapper fusion-woo-product-image fusion-post-card-image fusion-post-card-image-1\" data-layout=\"static\" style=\"--awb-border-radius-top-left:5px;--awb-border-radius-top-right:5px;--awb-border-radius-bottom-right:5px;--awb-border-radius-bottom-left:5px;\"><div  class=\"fusion-image-wrapper\" aria-haspopup=\"true\">\n\t\t\t\t<img decoding=\"async\" width=\"2560\" height=\"1700\" src=\"https:\/\/www.advhome.it\/wp-content\/uploads\/primavera-adv-home-centro-storico-bolzano-italia-mercatini-di-natale-trentino-alto-adige-museo-archeologico-duomo-piazza-walther-passeggiata-vigneti-funivia-renon-dolomiti.jpg\" class=\"attachment-full size-full lazyload wp-post-image\" alt=\"\" srcset=\"data:image\/svg+xml,%3Csvg%20xmlns%3D%27http%3A%2F%2Fwww.w3.org%2F2000%2Fsvg%27%20width%3D%272560%27%20height%3D%271700%27%20viewBox%3D%270%200%202560%201700%27%3E%3Crect%20width%3D%272560%27%20height%3D%271700%27%20fill-opacity%3D%220%22%2F%3E%3C%2Fsvg%3E\" data-orig-src=\"https:\/\/www.advhome.it\/wp-content\/uploads\/primavera-adv-home-centro-storico-bolzano-italia-mercatini-di-natale-trentino-alto-adige-museo-archeologico-duomo-piazza-walther-passeggiata-vigneti-funivia-renon-dolomiti.jpg\" data-srcset=\"https:\/\/www.advhome.it\/wp-content\/uploads\/primavera-adv-home-centro-storico-bolzano-italia-mercatini-di-natale-trentino-alto-adige-museo-archeologico-duomo-piazza-walther-passeggiata-vigneti-funivia-renon-dolomiti-200x133.jpg 200w, https:\/\/www.advhome.it\/wp-content\/uploads\/primavera-adv-home-centro-storico-bolzano-italia-mercatini-di-natale-trentino-alto-adige-museo-archeologico-duomo-piazza-walther-passeggiata-vigneti-funivia-renon-dolomiti-400x266.jpg 400w, https:\/\/www.advhome.it\/wp-content\/uploads\/primavera-adv-home-centro-storico-bolzano-italia-mercatini-di-natale-trentino-alto-adige-museo-archeologico-duomo-piazza-walther-passeggiata-vigneti-funivia-renon-dolomiti-600x398.jpg 600w, https:\/\/www.advhome.it\/wp-content\/uploads\/primavera-adv-home-centro-storico-bolzano-italia-mercatini-di-natale-trentino-alto-adige-museo-archeologico-duomo-piazza-walther-passeggiata-vigneti-funivia-renon-dolomiti-800x531.jpg 800w, https:\/\/www.advhome.it\/wp-content\/uploads\/primavera-adv-home-centro-storico-bolzano-italia-mercatini-di-natale-trentino-alto-adige-museo-archeologico-duomo-piazza-walther-passeggiata-vigneti-funivia-renon-dolomiti-1200x797.jpg 1200w, https:\/\/www.advhome.it\/wp-content\/uploads\/primavera-adv-home-centro-storico-bolzano-italia-mercatini-di-natale-trentino-alto-adige-museo-archeologico-duomo-piazza-walther-passeggiata-vigneti-funivia-renon-dolomiti.jpg 2560w\" data-sizes=\"auto\" \/><\/div>\n<\/div><div class=\"fusion-title title fusion-title-1 fusion-title-center fusion-title-text fusion-title-size-five\" style=\"--awb-text-color:var(--awb-color8);--awb-margin-top:20px;--awb-margin-bottom:20px;--awb-margin-top-small:30px;--awb-font-size:17px;\"><div class=\"title-sep-container title-sep-container-left\"><div class=\"title-sep sep-single sep-solid\" style=\"border-color:#e2e2e2;\"><\/div><\/div><span class=\"awb-title-spacer\"><\/span><h5 class=\"fusion-title-heading title-heading-center\" style=\"font-family:&quot;Open Sans&quot;;font-style:normal;font-weight:400;margin:0;text-transform:uppercase;font-size:1em;line-height:1.5;\">Printemps \u00e0 Bolzano &#8211; Tyrol du Sud<\/h5><span class=\"awb-title-spacer\"><\/span><div class=\"title-sep-container title-sep-container-right\"><div class=\"title-sep sep-single sep-solid\" style=\"border-color:#e2e2e2;\"><\/div><\/div><\/div><\/div><\/li>\n<li class=\"fusion-layout-column fusion_builder_column fusion-builder-column-2 fusion-flex-column fusion-column-inner-bg-wrapper post-card fusion-grid-column fusion-post-cards-grid-column\" style=\"--awb-inner-bg-blend:overlay;--awb-inner-bg-size:cover;--awb-transform:translateY(0px);--awb-transform-hover:translateY(10px);--awb-flex-grow:0;--awb-flex-shrink:0;--awb-flex-grow-medium:0;--awb-flex-shrink-medium:0;--awb-flex-grow-small:0;--awb-flex-shrink-small:0;\" data-scroll-devices=\"small-visibility,medium-visibility,large-visibility\"><span class=\"fusion-column-inner-bg hover-type-none\"><a class=\"fusion-column-anchor\" href=\"https:\/\/www.advhome.it\/fr\/ete-a-bolzano-tyrol-du-sud\"><span class=\"fusion-column-inner-bg-image\"><\/span><\/a><\/span><div class=\"fusion-column-wrapper fusion-column-has-shadow fusion-flex-justify-content-flex-start fusion-content-layout-column\"><div class=\"fusion-classic-product-image-wrapper fusion-woo-product-image fusion-post-card-image fusion-post-card-image-1\" data-layout=\"static\" style=\"--awb-border-radius-top-left:5px;--awb-border-radius-top-right:5px;--awb-border-radius-bottom-right:5px;--awb-border-radius-bottom-left:5px;\"><div  class=\"fusion-image-wrapper\" aria-haspopup=\"true\">\n\t\t\t\t<img decoding=\"async\" width=\"2560\" height=\"1700\" src=\"https:\/\/www.advhome.it\/wp-content\/uploads\/1-estate-adv-home-centro-storico-bolzano-italia-mercatini-di-natale-trentino-alto-adige-museo-archeologico-duomo-piazza-walther-passeggiata-vigneti-funivia-renon-dolomiti2.jpg\" class=\"attachment-full size-full lazyload wp-post-image\" alt=\"\" srcset=\"data:image\/svg+xml,%3Csvg%20xmlns%3D%27http%3A%2F%2Fwww.w3.org%2F2000%2Fsvg%27%20width%3D%272560%27%20height%3D%271700%27%20viewBox%3D%270%200%202560%201700%27%3E%3Crect%20width%3D%272560%27%20height%3D%271700%27%20fill-opacity%3D%220%22%2F%3E%3C%2Fsvg%3E\" data-orig-src=\"https:\/\/www.advhome.it\/wp-content\/uploads\/1-estate-adv-home-centro-storico-bolzano-italia-mercatini-di-natale-trentino-alto-adige-museo-archeologico-duomo-piazza-walther-passeggiata-vigneti-funivia-renon-dolomiti2.jpg\" data-srcset=\"https:\/\/www.advhome.it\/wp-content\/uploads\/1-estate-adv-home-centro-storico-bolzano-italia-mercatini-di-natale-trentino-alto-adige-museo-archeologico-duomo-piazza-walther-passeggiata-vigneti-funivia-renon-dolomiti2-200x133.jpg 200w, https:\/\/www.advhome.it\/wp-content\/uploads\/1-estate-adv-home-centro-storico-bolzano-italia-mercatini-di-natale-trentino-alto-adige-museo-archeologico-duomo-piazza-walther-passeggiata-vigneti-funivia-renon-dolomiti2-400x266.jpg 400w, https:\/\/www.advhome.it\/wp-content\/uploads\/1-estate-adv-home-centro-storico-bolzano-italia-mercatini-di-natale-trentino-alto-adige-museo-archeologico-duomo-piazza-walther-passeggiata-vigneti-funivia-renon-dolomiti2-600x398.jpg 600w, https:\/\/www.advhome.it\/wp-content\/uploads\/1-estate-adv-home-centro-storico-bolzano-italia-mercatini-di-natale-trentino-alto-adige-museo-archeologico-duomo-piazza-walther-passeggiata-vigneti-funivia-renon-dolomiti2-800x531.jpg 800w, https:\/\/www.advhome.it\/wp-content\/uploads\/1-estate-adv-home-centro-storico-bolzano-italia-mercatini-di-natale-trentino-alto-adige-museo-archeologico-duomo-piazza-walther-passeggiata-vigneti-funivia-renon-dolomiti2-1200x797.jpg 1200w, https:\/\/www.advhome.it\/wp-content\/uploads\/1-estate-adv-home-centro-storico-bolzano-italia-mercatini-di-natale-trentino-alto-adige-museo-archeologico-duomo-piazza-walther-passeggiata-vigneti-funivia-renon-dolomiti2.jpg 2560w\" data-sizes=\"auto\" \/><\/div>\n<\/div><div class=\"fusion-title title fusion-title-2 fusion-title-center fusion-title-text fusion-title-size-five\" style=\"--awb-text-color:var(--awb-color8);--awb-margin-top:20px;--awb-margin-bottom:20px;--awb-margin-top-small:30px;--awb-font-size:17px;\"><div class=\"title-sep-container title-sep-container-left\"><div class=\"title-sep sep-single sep-solid\" style=\"border-color:#e2e2e2;\"><\/div><\/div><span class=\"awb-title-spacer\"><\/span><h5 class=\"fusion-title-heading title-heading-center\" style=\"font-family:&quot;Open Sans&quot;;font-style:normal;font-weight:400;margin:0;text-transform:uppercase;font-size:1em;line-height:1.5;\">\u00c9t\u00e9 \u00e0 Bolzano &#8211; Tyrol du Sud<\/h5><span class=\"awb-title-spacer\"><\/span><div class=\"title-sep-container title-sep-container-right\"><div class=\"title-sep sep-single sep-solid\" style=\"border-color:#e2e2e2;\"><\/div><\/div><\/div><\/div><\/li>\n<li class=\"fusion-layout-column fusion_builder_column fusion-builder-column-3 fusion-flex-column fusion-column-inner-bg-wrapper post-card fusion-grid-column fusion-post-cards-grid-column\" style=\"--awb-inner-bg-blend:overlay;--awb-inner-bg-size:cover;--awb-transform:translateY(0px);--awb-transform-hover:translateY(10px);--awb-flex-grow:0;--awb-flex-shrink:0;--awb-flex-grow-medium:0;--awb-flex-shrink-medium:0;--awb-flex-grow-small:0;--awb-flex-shrink-small:0;\" data-scroll-devices=\"small-visibility,medium-visibility,large-visibility\"><span class=\"fusion-column-inner-bg hover-type-none\"><a class=\"fusion-column-anchor\" href=\"https:\/\/www.advhome.it\/fr\/lautomne-a-bolzano-sudtirol\"><span class=\"fusion-column-inner-bg-image\"><\/span><\/a><\/span><div class=\"fusion-column-wrapper fusion-column-has-shadow fusion-flex-justify-content-flex-start fusion-content-layout-column\"><div class=\"fusion-classic-product-image-wrapper fusion-woo-product-image fusion-post-card-image fusion-post-card-image-1\" data-layout=\"static\" style=\"--awb-border-radius-top-left:5px;--awb-border-radius-top-right:5px;--awb-border-radius-bottom-right:5px;--awb-border-radius-bottom-left:5px;\"><div  class=\"fusion-image-wrapper\" aria-haspopup=\"true\">\n\t\t\t\t<img decoding=\"async\" width=\"2560\" height=\"1700\" src=\"https:\/\/www.advhome.it\/wp-content\/uploads\/autunno-adv-home-centro-storico-bolzano-italia-booking-trentino-alto-adige-museo-archeologico-duomo-piazza-walther-passeggiata-vigneti-funivia-renon-dolomiti.jpg\" class=\"attachment-full size-full lazyload wp-post-image\" alt=\"\" srcset=\"data:image\/svg+xml,%3Csvg%20xmlns%3D%27http%3A%2F%2Fwww.w3.org%2F2000%2Fsvg%27%20width%3D%272560%27%20height%3D%271700%27%20viewBox%3D%270%200%202560%201700%27%3E%3Crect%20width%3D%272560%27%20height%3D%271700%27%20fill-opacity%3D%220%22%2F%3E%3C%2Fsvg%3E\" data-orig-src=\"https:\/\/www.advhome.it\/wp-content\/uploads\/autunno-adv-home-centro-storico-bolzano-italia-booking-trentino-alto-adige-museo-archeologico-duomo-piazza-walther-passeggiata-vigneti-funivia-renon-dolomiti.jpg\" data-srcset=\"https:\/\/www.advhome.it\/wp-content\/uploads\/autunno-adv-home-centro-storico-bolzano-italia-booking-trentino-alto-adige-museo-archeologico-duomo-piazza-walther-passeggiata-vigneti-funivia-renon-dolomiti-200x133.jpg 200w, https:\/\/www.advhome.it\/wp-content\/uploads\/autunno-adv-home-centro-storico-bolzano-italia-booking-trentino-alto-adige-museo-archeologico-duomo-piazza-walther-passeggiata-vigneti-funivia-renon-dolomiti-400x266.jpg 400w, https:\/\/www.advhome.it\/wp-content\/uploads\/autunno-adv-home-centro-storico-bolzano-italia-booking-trentino-alto-adige-museo-archeologico-duomo-piazza-walther-passeggiata-vigneti-funivia-renon-dolomiti-600x398.jpg 600w, https:\/\/www.advhome.it\/wp-content\/uploads\/autunno-adv-home-centro-storico-bolzano-italia-booking-trentino-alto-adige-museo-archeologico-duomo-piazza-walther-passeggiata-vigneti-funivia-renon-dolomiti-800x531.jpg 800w, https:\/\/www.advhome.it\/wp-content\/uploads\/autunno-adv-home-centro-storico-bolzano-italia-booking-trentino-alto-adige-museo-archeologico-duomo-piazza-walther-passeggiata-vigneti-funivia-renon-dolomiti-1200x797.jpg 1200w, https:\/\/www.advhome.it\/wp-content\/uploads\/autunno-adv-home-centro-storico-bolzano-italia-booking-trentino-alto-adige-museo-archeologico-duomo-piazza-walther-passeggiata-vigneti-funivia-renon-dolomiti.jpg 2560w\" data-sizes=\"auto\" \/><\/div>\n<\/div><div class=\"fusion-title title fusion-title-3 fusion-title-center fusion-title-text fusion-title-size-five\" style=\"--awb-text-color:var(--awb-color8);--awb-margin-top:20px;--awb-margin-bottom:20px;--awb-margin-top-small:30px;--awb-font-size:17px;\"><div class=\"title-sep-container title-sep-container-left\"><div class=\"title-sep sep-single sep-solid\" style=\"border-color:#e2e2e2;\"><\/div><\/div><span class=\"awb-title-spacer\"><\/span><h5 class=\"fusion-title-heading title-heading-center\" style=\"font-family:&quot;Open Sans&quot;;font-style:normal;font-weight:400;margin:0;text-transform:uppercase;font-size:1em;line-height:1.5;\">L\u2019automne \u00e0 Bolzano &#8211; S\u00fcdtirol<\/h5><span class=\"awb-title-spacer\"><\/span><div class=\"title-sep-container title-sep-container-right\"><div class=\"title-sep sep-single sep-solid\" style=\"border-color:#e2e2e2;\"><\/div><\/div><\/div><\/div><\/li>\n<li class=\"fusion-layout-column fusion_builder_column fusion-builder-column-4 fusion-flex-column fusion-column-inner-bg-wrapper post-card fusion-grid-column fusion-post-cards-grid-column\" style=\"--awb-inner-bg-blend:overlay;--awb-inner-bg-size:cover;--awb-transform:translateY(0px);--awb-transform-hover:translateY(10px);--awb-flex-grow:0;--awb-flex-shrink:0;--awb-flex-grow-medium:0;--awb-flex-shrink-medium:0;--awb-flex-grow-small:0;--awb-flex-shrink-small:0;\" data-scroll-devices=\"small-visibility,medium-visibility,large-visibility\"><span class=\"fusion-column-inner-bg hover-type-none\"><a class=\"fusion-column-anchor\" href=\"https:\/\/www.advhome.it\/fr\/hiver-a-bolzano-haut-adige\"><span class=\"fusion-column-inner-bg-image\"><\/span><\/a><\/span><div class=\"fusion-column-wrapper fusion-column-has-shadow fusion-flex-justify-content-flex-start fusion-content-layout-column\"><div class=\"fusion-classic-product-image-wrapper fusion-woo-product-image fusion-post-card-image fusion-post-card-image-1\" data-layout=\"static\" style=\"--awb-border-radius-top-left:5px;--awb-border-radius-top-right:5px;--awb-border-radius-bottom-right:5px;--awb-border-radius-bottom-left:5px;\"><div  class=\"fusion-image-wrapper\" aria-haspopup=\"true\">\n\t\t\t\t<img decoding=\"async\" width=\"2560\" height=\"1700\" src=\"https:\/\/www.advhome.it\/wp-content\/uploads\/inverno-adv-home-centro-storico-bolzano-italia-mercatini-di-natale-trentino-alto-adige-museo-archeologico-duomo-piazza-walther-passeggiata-vigneti-funivia-renon-dolomiti2.jpg\" class=\"attachment-full size-full lazyload wp-post-image\" alt=\"\" srcset=\"data:image\/svg+xml,%3Csvg%20xmlns%3D%27http%3A%2F%2Fwww.w3.org%2F2000%2Fsvg%27%20width%3D%272560%27%20height%3D%271700%27%20viewBox%3D%270%200%202560%201700%27%3E%3Crect%20width%3D%272560%27%20height%3D%271700%27%20fill-opacity%3D%220%22%2F%3E%3C%2Fsvg%3E\" data-orig-src=\"https:\/\/www.advhome.it\/wp-content\/uploads\/inverno-adv-home-centro-storico-bolzano-italia-mercatini-di-natale-trentino-alto-adige-museo-archeologico-duomo-piazza-walther-passeggiata-vigneti-funivia-renon-dolomiti2.jpg\" data-srcset=\"https:\/\/www.advhome.it\/wp-content\/uploads\/inverno-adv-home-centro-storico-bolzano-italia-mercatini-di-natale-trentino-alto-adige-museo-archeologico-duomo-piazza-walther-passeggiata-vigneti-funivia-renon-dolomiti2-200x133.jpg 200w, https:\/\/www.advhome.it\/wp-content\/uploads\/inverno-adv-home-centro-storico-bolzano-italia-mercatini-di-natale-trentino-alto-adige-museo-archeologico-duomo-piazza-walther-passeggiata-vigneti-funivia-renon-dolomiti2-400x266.jpg 400w, https:\/\/www.advhome.it\/wp-content\/uploads\/inverno-adv-home-centro-storico-bolzano-italia-mercatini-di-natale-trentino-alto-adige-museo-archeologico-duomo-piazza-walther-passeggiata-vigneti-funivia-renon-dolomiti2-600x398.jpg 600w, https:\/\/www.advhome.it\/wp-content\/uploads\/inverno-adv-home-centro-storico-bolzano-italia-mercatini-di-natale-trentino-alto-adige-museo-archeologico-duomo-piazza-walther-passeggiata-vigneti-funivia-renon-dolomiti2-800x531.jpg 800w, https:\/\/www.advhome.it\/wp-content\/uploads\/inverno-adv-home-centro-storico-bolzano-italia-mercatini-di-natale-trentino-alto-adige-museo-archeologico-duomo-piazza-walther-passeggiata-vigneti-funivia-renon-dolomiti2-1200x797.jpg 1200w, https:\/\/www.advhome.it\/wp-content\/uploads\/inverno-adv-home-centro-storico-bolzano-italia-mercatini-di-natale-trentino-alto-adige-museo-archeologico-duomo-piazza-walther-passeggiata-vigneti-funivia-renon-dolomiti2.jpg 2560w\" data-sizes=\"auto\" \/><\/div>\n<\/div><div class=\"fusion-title title fusion-title-4 fusion-title-center fusion-title-text fusion-title-size-five\" style=\"--awb-text-color:var(--awb-color8);--awb-margin-top:20px;--awb-margin-bottom:20px;--awb-margin-top-small:30px;--awb-font-size:17px;\"><div class=\"title-sep-container title-sep-container-left\"><div class=\"title-sep sep-single sep-solid\" style=\"border-color:#e2e2e2;\"><\/div><\/div><span class=\"awb-title-spacer\"><\/span><h5 class=\"fusion-title-heading title-heading-center\" style=\"font-family:&quot;Open Sans&quot;;font-style:normal;font-weight:400;margin:0;text-transform:uppercase;font-size:1em;line-height:1.5;\">Hiver \u00e0 Bolzano &#8211; Haut-Adige<\/h5><span class=\"awb-title-spacer\"><\/span><div class=\"title-sep-container title-sep-container-right\"><div class=\"title-sep sep-single sep-solid\" style=\"border-color:#e2e2e2;\"><\/div><\/div><\/div><\/div><\/li>\n<\/ul><\/div><\/div><\/div><div class=\"fusion-layout-column fusion_builder_column fusion-builder-column-5 fusion_builder_column_1_1 1_1 fusion-flex-column\" style=\"--awb-bg-size:cover;--awb-width-large:100%;--awb-flex-grow:0;--awb-flex-shrink:0;--awb-margin-top-large:0px;--awb-spacing-right-large:1.92%;--awb-margin-bottom-large:20px;--awb-spacing-left-large:1.92%;--awb-width-medium:100%;--awb-order-medium:0;--awb-flex-grow-medium:0;--awb-flex-shrink-medium:0;--awb-spacing-right-medium:1.92%;--awb-spacing-left-medium:1.92%;--awb-width-small:100%;--awb-order-small:0;--awb-flex-grow-small:0;--awb-flex-shrink-small:0;--awb-spacing-right-small:1.92%;--awb-spacing-left-small:1.92%;\"><div class=\"fusion-column-wrapper fusion-column-has-shadow fusion-flex-justify-content-flex-start fusion-content-layout-column\"><div class=\"fusion-text fusion-text-2\"><h3 style=\"text-align: center;\">Visiter le Tyrol du Sud<\/h3>\n<\/div><div class=\"fusion-post-cards fusion-post-cards-2 fusion-grid-archive fusion-grid-columns-3\" style=\"--awb-arrow-bgcolor:rgba(153,153,153,0);--awb-arrow-color:var(--awb-color6);--awb-column-spacing:20px;--awb-dots-align:center;--awb-columns:3;--awb-filters-color:var(--awb-color6);--awb-active-filter-border-size:3px;--awb-filters-height:36px;--awb-row-spacing:20px;\"><ul class=\"fusion-grid fusion-grid-3 fusion-flex-align-items-stretch fusion-grid-posts-cards\"><li class=\"fusion-layout-column fusion_builder_column fusion-builder-column-6 fusion-flex-column fusion-column-inner-bg-wrapper post-card fusion-grid-column fusion-post-cards-grid-column\" style=\"--awb-inner-bg-blend:overlay;--awb-inner-bg-size:cover;--awb-transform:translateY(0px);--awb-transform-hover:translateY(10px);--awb-flex-grow:0;--awb-flex-shrink:0;--awb-flex-grow-medium:0;--awb-flex-shrink-medium:0;--awb-flex-grow-small:0;--awb-flex-shrink-small:0;\" data-scroll-devices=\"small-visibility,medium-visibility,large-visibility\"><span class=\"fusion-column-inner-bg hover-type-none\"><a class=\"fusion-column-anchor\" href=\"https:\/\/www.advhome.it\/fr\/le-centre-historique-de-bolzano-tyrol-du-sud\"><span class=\"fusion-column-inner-bg-image\"><\/span><\/a><\/span><div class=\"fusion-column-wrapper fusion-column-has-shadow fusion-flex-justify-content-flex-start fusion-content-layout-column\"><div class=\"fusion-classic-product-image-wrapper fusion-woo-product-image fusion-post-card-image fusion-post-card-image-1\" data-layout=\"static\" style=\"--awb-border-radius-top-left:5px;--awb-border-radius-top-right:5px;--awb-border-radius-bottom-right:5px;--awb-border-radius-bottom-left:5px;\"><div  class=\"fusion-image-wrapper\" aria-haspopup=\"true\">\n\t\t\t\t<img decoding=\"async\" width=\"2560\" height=\"1700\" src=\"https:\/\/www.advhome.it\/wp-content\/uploads\/centro-storico-adv-home-bolzano-italia-mercatini-di-natale-trentino-alto-adige-museo-archeologico-duomo-piazza-walther-passeggiata-vigneti-funivia-renon-dolomiti.jpg\" class=\"attachment-full size-full lazyload wp-post-image\" alt=\"\" srcset=\"data:image\/svg+xml,%3Csvg%20xmlns%3D%27http%3A%2F%2Fwww.w3.org%2F2000%2Fsvg%27%20width%3D%272560%27%20height%3D%271700%27%20viewBox%3D%270%200%202560%201700%27%3E%3Crect%20width%3D%272560%27%20height%3D%271700%27%20fill-opacity%3D%220%22%2F%3E%3C%2Fsvg%3E\" data-orig-src=\"https:\/\/www.advhome.it\/wp-content\/uploads\/centro-storico-adv-home-bolzano-italia-mercatini-di-natale-trentino-alto-adige-museo-archeologico-duomo-piazza-walther-passeggiata-vigneti-funivia-renon-dolomiti.jpg\" data-srcset=\"https:\/\/www.advhome.it\/wp-content\/uploads\/centro-storico-adv-home-bolzano-italia-mercatini-di-natale-trentino-alto-adige-museo-archeologico-duomo-piazza-walther-passeggiata-vigneti-funivia-renon-dolomiti-200x133.jpg 200w, https:\/\/www.advhome.it\/wp-content\/uploads\/centro-storico-adv-home-bolzano-italia-mercatini-di-natale-trentino-alto-adige-museo-archeologico-duomo-piazza-walther-passeggiata-vigneti-funivia-renon-dolomiti-400x266.jpg 400w, https:\/\/www.advhome.it\/wp-content\/uploads\/centro-storico-adv-home-bolzano-italia-mercatini-di-natale-trentino-alto-adige-museo-archeologico-duomo-piazza-walther-passeggiata-vigneti-funivia-renon-dolomiti-600x398.jpg 600w, https:\/\/www.advhome.it\/wp-content\/uploads\/centro-storico-adv-home-bolzano-italia-mercatini-di-natale-trentino-alto-adige-museo-archeologico-duomo-piazza-walther-passeggiata-vigneti-funivia-renon-dolomiti-800x531.jpg 800w, https:\/\/www.advhome.it\/wp-content\/uploads\/centro-storico-adv-home-bolzano-italia-mercatini-di-natale-trentino-alto-adige-museo-archeologico-duomo-piazza-walther-passeggiata-vigneti-funivia-renon-dolomiti-1200x797.jpg 1200w, https:\/\/www.advhome.it\/wp-content\/uploads\/centro-storico-adv-home-bolzano-italia-mercatini-di-natale-trentino-alto-adige-museo-archeologico-duomo-piazza-walther-passeggiata-vigneti-funivia-renon-dolomiti.jpg 2560w\" data-sizes=\"auto\" \/><\/div>\n<\/div><div class=\"fusion-title title fusion-title-5 fusion-title-center fusion-title-text fusion-title-size-five\" style=\"--awb-text-color:var(--awb-color8);--awb-margin-top:20px;--awb-margin-bottom:20px;--awb-margin-top-small:30px;--awb-font-size:17px;\"><div class=\"title-sep-container title-sep-container-left\"><div class=\"title-sep sep-single sep-solid\" style=\"border-color:#e2e2e2;\"><\/div><\/div><span class=\"awb-title-spacer\"><\/span><h5 class=\"fusion-title-heading title-heading-center\" style=\"font-family:&quot;Open Sans&quot;;font-style:normal;font-weight:400;margin:0;text-transform:uppercase;font-size:1em;line-height:1.5;\">Le centre historique de Bolzano &#8211; Tyrol du Sud<\/h5><span class=\"awb-title-spacer\"><\/span><div class=\"title-sep-container title-sep-container-right\"><div class=\"title-sep sep-single sep-solid\" style=\"border-color:#e2e2e2;\"><\/div><\/div><\/div><\/div><\/li>\n<li class=\"fusion-layout-column fusion_builder_column fusion-builder-column-7 fusion-flex-column fusion-column-inner-bg-wrapper post-card fusion-grid-column fusion-post-cards-grid-column\" style=\"--awb-inner-bg-blend:overlay;--awb-inner-bg-size:cover;--awb-transform:translateY(0px);--awb-transform-hover:translateY(10px);--awb-flex-grow:0;--awb-flex-shrink:0;--awb-flex-grow-medium:0;--awb-flex-shrink-medium:0;--awb-flex-grow-small:0;--awb-flex-shrink-small:0;\" data-scroll-devices=\"small-visibility,medium-visibility,large-visibility\"><span class=\"fusion-column-inner-bg hover-type-none\"><a class=\"fusion-column-anchor\" href=\"https:\/\/www.advhome.it\/fr\/colle-renon-et-san-genesio-haut-adige\"><span class=\"fusion-column-inner-bg-image\"><\/span><\/a><\/span><div class=\"fusion-column-wrapper fusion-column-has-shadow fusion-flex-justify-content-flex-start fusion-content-layout-column\"><div class=\"fusion-classic-product-image-wrapper fusion-woo-product-image fusion-post-card-image fusion-post-card-image-1\" data-layout=\"static\" style=\"--awb-border-radius-top-left:5px;--awb-border-radius-top-right:5px;--awb-border-radius-bottom-right:5px;--awb-border-radius-bottom-left:5px;\"><div  class=\"fusion-image-wrapper\" aria-haspopup=\"true\">\n\t\t\t\t<img decoding=\"async\" width=\"2560\" height=\"1700\" src=\"https:\/\/www.advhome.it\/wp-content\/uploads\/funivie-colle-renon-san-genesio-adv-home-bolzano-italia-trentino-alto-adige-museo-archeologico-duomo-piazza-walther-passeggiata-vigneti-funivia-renon-dolomiti.jpg\" class=\"attachment-full size-full lazyload wp-post-image\" alt=\"\" srcset=\"data:image\/svg+xml,%3Csvg%20xmlns%3D%27http%3A%2F%2Fwww.w3.org%2F2000%2Fsvg%27%20width%3D%272560%27%20height%3D%271700%27%20viewBox%3D%270%200%202560%201700%27%3E%3Crect%20width%3D%272560%27%20height%3D%271700%27%20fill-opacity%3D%220%22%2F%3E%3C%2Fsvg%3E\" data-orig-src=\"https:\/\/www.advhome.it\/wp-content\/uploads\/funivie-colle-renon-san-genesio-adv-home-bolzano-italia-trentino-alto-adige-museo-archeologico-duomo-piazza-walther-passeggiata-vigneti-funivia-renon-dolomiti.jpg\" data-srcset=\"https:\/\/www.advhome.it\/wp-content\/uploads\/funivie-colle-renon-san-genesio-adv-home-bolzano-italia-trentino-alto-adige-museo-archeologico-duomo-piazza-walther-passeggiata-vigneti-funivia-renon-dolomiti-200x133.jpg 200w, https:\/\/www.advhome.it\/wp-content\/uploads\/funivie-colle-renon-san-genesio-adv-home-bolzano-italia-trentino-alto-adige-museo-archeologico-duomo-piazza-walther-passeggiata-vigneti-funivia-renon-dolomiti-400x266.jpg 400w, https:\/\/www.advhome.it\/wp-content\/uploads\/funivie-colle-renon-san-genesio-adv-home-bolzano-italia-trentino-alto-adige-museo-archeologico-duomo-piazza-walther-passeggiata-vigneti-funivia-renon-dolomiti-600x398.jpg 600w, https:\/\/www.advhome.it\/wp-content\/uploads\/funivie-colle-renon-san-genesio-adv-home-bolzano-italia-trentino-alto-adige-museo-archeologico-duomo-piazza-walther-passeggiata-vigneti-funivia-renon-dolomiti-800x531.jpg 800w, https:\/\/www.advhome.it\/wp-content\/uploads\/funivie-colle-renon-san-genesio-adv-home-bolzano-italia-trentino-alto-adige-museo-archeologico-duomo-piazza-walther-passeggiata-vigneti-funivia-renon-dolomiti-1200x797.jpg 1200w, https:\/\/www.advhome.it\/wp-content\/uploads\/funivie-colle-renon-san-genesio-adv-home-bolzano-italia-trentino-alto-adige-museo-archeologico-duomo-piazza-walther-passeggiata-vigneti-funivia-renon-dolomiti.jpg 2560w\" data-sizes=\"auto\" \/><\/div>\n<\/div><div class=\"fusion-title title fusion-title-6 fusion-title-center fusion-title-text fusion-title-size-five\" style=\"--awb-text-color:var(--awb-color8);--awb-margin-top:20px;--awb-margin-bottom:20px;--awb-margin-top-small:30px;--awb-font-size:17px;\"><div class=\"title-sep-container title-sep-container-left\"><div class=\"title-sep sep-single sep-solid\" style=\"border-color:#e2e2e2;\"><\/div><\/div><span class=\"awb-title-spacer\"><\/span><h5 class=\"fusion-title-heading title-heading-center\" style=\"font-family:&quot;Open Sans&quot;;font-style:normal;font-weight:400;margin:0;text-transform:uppercase;font-size:1em;line-height:1.5;\">Colle, Renon et San Genesio &#8211; Haut-Adige<\/h5><span class=\"awb-title-spacer\"><\/span><div class=\"title-sep-container title-sep-container-right\"><div class=\"title-sep sep-single sep-solid\" style=\"border-color:#e2e2e2;\"><\/div><\/div><\/div><\/div><\/li>\n<li class=\"fusion-layout-column fusion_builder_column fusion-builder-column-8 fusion-flex-column fusion-column-inner-bg-wrapper post-card fusion-grid-column fusion-post-cards-grid-column\" style=\"--awb-inner-bg-blend:overlay;--awb-inner-bg-size:cover;--awb-transform:translateY(0px);--awb-transform-hover:translateY(10px);--awb-flex-grow:0;--awb-flex-shrink:0;--awb-flex-grow-medium:0;--awb-flex-shrink-medium:0;--awb-flex-grow-small:0;--awb-flex-shrink-small:0;\" data-scroll-devices=\"small-visibility,medium-visibility,large-visibility\"><span class=\"fusion-column-inner-bg hover-type-none\"><a class=\"fusion-column-anchor\" href=\"https:\/\/www.advhome.it\/fr\/lacs-tyrol-du-sud\"><span class=\"fusion-column-inner-bg-image\"><\/span><\/a><\/span><div class=\"fusion-column-wrapper fusion-column-has-shadow fusion-flex-justify-content-flex-start fusion-content-layout-column\"><div class=\"fusion-classic-product-image-wrapper fusion-woo-product-image fusion-post-card-image fusion-post-card-image-1\" data-layout=\"static\" style=\"--awb-border-radius-top-left:5px;--awb-border-radius-top-right:5px;--awb-border-radius-bottom-right:5px;--awb-border-radius-bottom-left:5px;\"><div  class=\"fusion-image-wrapper\" aria-haspopup=\"true\">\n\t\t\t\t<img decoding=\"async\" width=\"2560\" height=\"1700\" src=\"https:\/\/www.advhome.it\/wp-content\/uploads\/laghi-adv-home-centro-storico-bolzano-italia-mercatini-di-natale-trentino-alto-adige-museo-archeologico-duomo-piazza-walther-passeggiata-vigneti-funivia-renon-dolomiti3.jpg\" class=\"attachment-full size-full lazyload wp-post-image\" alt=\"\" srcset=\"data:image\/svg+xml,%3Csvg%20xmlns%3D%27http%3A%2F%2Fwww.w3.org%2F2000%2Fsvg%27%20width%3D%272560%27%20height%3D%271700%27%20viewBox%3D%270%200%202560%201700%27%3E%3Crect%20width%3D%272560%27%20height%3D%271700%27%20fill-opacity%3D%220%22%2F%3E%3C%2Fsvg%3E\" data-orig-src=\"https:\/\/www.advhome.it\/wp-content\/uploads\/laghi-adv-home-centro-storico-bolzano-italia-mercatini-di-natale-trentino-alto-adige-museo-archeologico-duomo-piazza-walther-passeggiata-vigneti-funivia-renon-dolomiti3.jpg\" data-srcset=\"https:\/\/www.advhome.it\/wp-content\/uploads\/laghi-adv-home-centro-storico-bolzano-italia-mercatini-di-natale-trentino-alto-adige-museo-archeologico-duomo-piazza-walther-passeggiata-vigneti-funivia-renon-dolomiti3-200x133.jpg 200w, https:\/\/www.advhome.it\/wp-content\/uploads\/laghi-adv-home-centro-storico-bolzano-italia-mercatini-di-natale-trentino-alto-adige-museo-archeologico-duomo-piazza-walther-passeggiata-vigneti-funivia-renon-dolomiti3-400x266.jpg 400w, https:\/\/www.advhome.it\/wp-content\/uploads\/laghi-adv-home-centro-storico-bolzano-italia-mercatini-di-natale-trentino-alto-adige-museo-archeologico-duomo-piazza-walther-passeggiata-vigneti-funivia-renon-dolomiti3-600x398.jpg 600w, https:\/\/www.advhome.it\/wp-content\/uploads\/laghi-adv-home-centro-storico-bolzano-italia-mercatini-di-natale-trentino-alto-adige-museo-archeologico-duomo-piazza-walther-passeggiata-vigneti-funivia-renon-dolomiti3-800x531.jpg 800w, https:\/\/www.advhome.it\/wp-content\/uploads\/laghi-adv-home-centro-storico-bolzano-italia-mercatini-di-natale-trentino-alto-adige-museo-archeologico-duomo-piazza-walther-passeggiata-vigneti-funivia-renon-dolomiti3-1200x797.jpg 1200w, https:\/\/www.advhome.it\/wp-content\/uploads\/laghi-adv-home-centro-storico-bolzano-italia-mercatini-di-natale-trentino-alto-adige-museo-archeologico-duomo-piazza-walther-passeggiata-vigneti-funivia-renon-dolomiti3.jpg 2560w\" data-sizes=\"auto\" \/><\/div>\n<\/div><div class=\"fusion-title title fusion-title-7 fusion-title-center fusion-title-text fusion-title-size-five\" style=\"--awb-text-color:var(--awb-color8);--awb-margin-top:20px;--awb-margin-bottom:20px;--awb-margin-top-small:30px;--awb-font-size:17px;\"><div class=\"title-sep-container title-sep-container-left\"><div class=\"title-sep sep-single sep-solid\" style=\"border-color:#e2e2e2;\"><\/div><\/div><span class=\"awb-title-spacer\"><\/span><h5 class=\"fusion-title-heading title-heading-center\" style=\"font-family:&quot;Open Sans&quot;;font-style:normal;font-weight:400;margin:0;text-transform:uppercase;font-size:1em;line-height:1.5;\">Lacs &#8211; Tyrol du Sud<\/h5><span class=\"awb-title-spacer\"><\/span><div class=\"title-sep-container title-sep-container-right\"><div class=\"title-sep sep-single sep-solid\" style=\"border-color:#e2e2e2;\"><\/div><\/div><\/div><\/div><\/li>\n<li class=\"fusion-layout-column fusion_builder_column fusion-builder-column-9 fusion-flex-column fusion-column-inner-bg-wrapper post-card fusion-grid-column fusion-post-cards-grid-column\" style=\"--awb-inner-bg-blend:overlay;--awb-inner-bg-size:cover;--awb-transform:translateY(0px);--awb-transform-hover:translateY(10px);--awb-flex-grow:0;--awb-flex-shrink:0;--awb-flex-grow-medium:0;--awb-flex-shrink-medium:0;--awb-flex-grow-small:0;--awb-flex-shrink-small:0;\" data-scroll-devices=\"small-visibility,medium-visibility,large-visibility\"><span class=\"fusion-column-inner-bg hover-type-none\"><a class=\"fusion-column-anchor\" href=\"https:\/\/www.advhome.it\/fr\/musees-bolzano-tyrol-du-sud\"><span class=\"fusion-column-inner-bg-image\"><\/span><\/a><\/span><div class=\"fusion-column-wrapper fusion-column-has-shadow fusion-flex-justify-content-flex-start fusion-content-layout-column\"><div class=\"fusion-classic-product-image-wrapper fusion-woo-product-image fusion-post-card-image fusion-post-card-image-1\" data-layout=\"static\" style=\"--awb-border-radius-top-left:5px;--awb-border-radius-top-right:5px;--awb-border-radius-bottom-right:5px;--awb-border-radius-bottom-left:5px;\"><div  class=\"fusion-image-wrapper\" aria-haspopup=\"true\">\n\t\t\t\t<img decoding=\"async\" width=\"2560\" height=\"1700\" src=\"https:\/\/www.advhome.it\/wp-content\/uploads\/museo-adv-home-centro-storico-bolzano-italia-mercatini-di-natale-trentino-alto-adige-museo-archeologico-duomo-piazza-walther-passeggiata-vigneti-funivia-renon-dolomiti2.jpg\" class=\"attachment-full size-full lazyload wp-post-image\" alt=\"\" srcset=\"data:image\/svg+xml,%3Csvg%20xmlns%3D%27http%3A%2F%2Fwww.w3.org%2F2000%2Fsvg%27%20width%3D%272560%27%20height%3D%271700%27%20viewBox%3D%270%200%202560%201700%27%3E%3Crect%20width%3D%272560%27%20height%3D%271700%27%20fill-opacity%3D%220%22%2F%3E%3C%2Fsvg%3E\" data-orig-src=\"https:\/\/www.advhome.it\/wp-content\/uploads\/museo-adv-home-centro-storico-bolzano-italia-mercatini-di-natale-trentino-alto-adige-museo-archeologico-duomo-piazza-walther-passeggiata-vigneti-funivia-renon-dolomiti2.jpg\" data-srcset=\"https:\/\/www.advhome.it\/wp-content\/uploads\/museo-adv-home-centro-storico-bolzano-italia-mercatini-di-natale-trentino-alto-adige-museo-archeologico-duomo-piazza-walther-passeggiata-vigneti-funivia-renon-dolomiti2-200x133.jpg 200w, https:\/\/www.advhome.it\/wp-content\/uploads\/museo-adv-home-centro-storico-bolzano-italia-mercatini-di-natale-trentino-alto-adige-museo-archeologico-duomo-piazza-walther-passeggiata-vigneti-funivia-renon-dolomiti2-400x266.jpg 400w, https:\/\/www.advhome.it\/wp-content\/uploads\/museo-adv-home-centro-storico-bolzano-italia-mercatini-di-natale-trentino-alto-adige-museo-archeologico-duomo-piazza-walther-passeggiata-vigneti-funivia-renon-dolomiti2-600x398.jpg 600w, https:\/\/www.advhome.it\/wp-content\/uploads\/museo-adv-home-centro-storico-bolzano-italia-mercatini-di-natale-trentino-alto-adige-museo-archeologico-duomo-piazza-walther-passeggiata-vigneti-funivia-renon-dolomiti2-800x531.jpg 800w, https:\/\/www.advhome.it\/wp-content\/uploads\/museo-adv-home-centro-storico-bolzano-italia-mercatini-di-natale-trentino-alto-adige-museo-archeologico-duomo-piazza-walther-passeggiata-vigneti-funivia-renon-dolomiti2-1200x797.jpg 1200w, https:\/\/www.advhome.it\/wp-content\/uploads\/museo-adv-home-centro-storico-bolzano-italia-mercatini-di-natale-trentino-alto-adige-museo-archeologico-duomo-piazza-walther-passeggiata-vigneti-funivia-renon-dolomiti2.jpg 2560w\" data-sizes=\"auto\" \/><\/div>\n<\/div><div class=\"fusion-title title fusion-title-8 fusion-title-center fusion-title-text fusion-title-size-five\" style=\"--awb-text-color:var(--awb-color8);--awb-margin-top:20px;--awb-margin-bottom:20px;--awb-margin-top-small:30px;--awb-font-size:17px;\"><div class=\"title-sep-container title-sep-container-left\"><div class=\"title-sep sep-single sep-solid\" style=\"border-color:#e2e2e2;\"><\/div><\/div><span class=\"awb-title-spacer\"><\/span><h5 class=\"fusion-title-heading title-heading-center\" style=\"font-family:&quot;Open Sans&quot;;font-style:normal;font-weight:400;margin:0;text-transform:uppercase;font-size:1em;line-height:1.5;\">Mus\u00e9es Bolzano Tyrol du Sud<\/h5><span class=\"awb-title-spacer\"><\/span><div class=\"title-sep-container title-sep-container-right\"><div class=\"title-sep sep-single sep-solid\" style=\"border-color:#e2e2e2;\"><\/div><\/div><\/div><\/div><\/li>\n<li class=\"fusion-layout-column fusion_builder_column fusion-builder-column-10 fusion-flex-column fusion-column-inner-bg-wrapper post-card fusion-grid-column fusion-post-cards-grid-column\" style=\"--awb-inner-bg-blend:overlay;--awb-inner-bg-size:cover;--awb-transform:translateY(0px);--awb-transform-hover:translateY(10px);--awb-flex-grow:0;--awb-flex-shrink:0;--awb-flex-grow-medium:0;--awb-flex-shrink-medium:0;--awb-flex-grow-small:0;--awb-flex-shrink-small:0;\" data-scroll-devices=\"small-visibility,medium-visibility,large-visibility\"><span class=\"fusion-column-inner-bg hover-type-none\"><a class=\"fusion-column-anchor\" href=\"https:\/\/www.advhome.it\/fr\/eglises-bolzano-tyrol-du-sud\"><span class=\"fusion-column-inner-bg-image\"><\/span><\/a><\/span><div class=\"fusion-column-wrapper fusion-column-has-shadow fusion-flex-justify-content-flex-start fusion-content-layout-column\"><div class=\"fusion-classic-product-image-wrapper fusion-woo-product-image fusion-post-card-image fusion-post-card-image-1\" data-layout=\"static\" style=\"--awb-border-radius-top-left:5px;--awb-border-radius-top-right:5px;--awb-border-radius-bottom-right:5px;--awb-border-radius-bottom-left:5px;\"><div  class=\"fusion-image-wrapper\" aria-haspopup=\"true\">\n\t\t\t\t<img decoding=\"async\" width=\"2560\" height=\"1700\" src=\"https:\/\/www.advhome.it\/wp-content\/uploads\/chiese-adv-home-centro-storico-bolzano-italia-mercatini-di-natale-trentino-alto-adige-museo-archeologico-duomo-piazza-walther-passeggiata-vigneti-funivia-renon-dolomiti.jpg\" class=\"attachment-full size-full lazyload wp-post-image\" alt=\"\" srcset=\"data:image\/svg+xml,%3Csvg%20xmlns%3D%27http%3A%2F%2Fwww.w3.org%2F2000%2Fsvg%27%20width%3D%272560%27%20height%3D%271700%27%20viewBox%3D%270%200%202560%201700%27%3E%3Crect%20width%3D%272560%27%20height%3D%271700%27%20fill-opacity%3D%220%22%2F%3E%3C%2Fsvg%3E\" data-orig-src=\"https:\/\/www.advhome.it\/wp-content\/uploads\/chiese-adv-home-centro-storico-bolzano-italia-mercatini-di-natale-trentino-alto-adige-museo-archeologico-duomo-piazza-walther-passeggiata-vigneti-funivia-renon-dolomiti.jpg\" data-srcset=\"https:\/\/www.advhome.it\/wp-content\/uploads\/chiese-adv-home-centro-storico-bolzano-italia-mercatini-di-natale-trentino-alto-adige-museo-archeologico-duomo-piazza-walther-passeggiata-vigneti-funivia-renon-dolomiti-200x133.jpg 200w, https:\/\/www.advhome.it\/wp-content\/uploads\/chiese-adv-home-centro-storico-bolzano-italia-mercatini-di-natale-trentino-alto-adige-museo-archeologico-duomo-piazza-walther-passeggiata-vigneti-funivia-renon-dolomiti-400x266.jpg 400w, https:\/\/www.advhome.it\/wp-content\/uploads\/chiese-adv-home-centro-storico-bolzano-italia-mercatini-di-natale-trentino-alto-adige-museo-archeologico-duomo-piazza-walther-passeggiata-vigneti-funivia-renon-dolomiti-600x398.jpg 600w, https:\/\/www.advhome.it\/wp-content\/uploads\/chiese-adv-home-centro-storico-bolzano-italia-mercatini-di-natale-trentino-alto-adige-museo-archeologico-duomo-piazza-walther-passeggiata-vigneti-funivia-renon-dolomiti-800x531.jpg 800w, https:\/\/www.advhome.it\/wp-content\/uploads\/chiese-adv-home-centro-storico-bolzano-italia-mercatini-di-natale-trentino-alto-adige-museo-archeologico-duomo-piazza-walther-passeggiata-vigneti-funivia-renon-dolomiti-1200x797.jpg 1200w, https:\/\/www.advhome.it\/wp-content\/uploads\/chiese-adv-home-centro-storico-bolzano-italia-mercatini-di-natale-trentino-alto-adige-museo-archeologico-duomo-piazza-walther-passeggiata-vigneti-funivia-renon-dolomiti.jpg 2560w\" data-sizes=\"auto\" \/><\/div>\n<\/div><div class=\"fusion-title title fusion-title-9 fusion-title-center fusion-title-text fusion-title-size-five\" style=\"--awb-text-color:var(--awb-color8);--awb-margin-top:20px;--awb-margin-bottom:20px;--awb-margin-top-small:30px;--awb-font-size:17px;\"><div class=\"title-sep-container title-sep-container-left\"><div class=\"title-sep sep-single sep-solid\" style=\"border-color:#e2e2e2;\"><\/div><\/div><span class=\"awb-title-spacer\"><\/span><h5 class=\"fusion-title-heading title-heading-center\" style=\"font-family:&quot;Open Sans&quot;;font-style:normal;font-weight:400;margin:0;text-transform:uppercase;font-size:1em;line-height:1.5;\">\u00c9glises Bolzano Tyrol du Sud<\/h5><span class=\"awb-title-spacer\"><\/span><div class=\"title-sep-container title-sep-container-right\"><div class=\"title-sep sep-single sep-solid\" style=\"border-color:#e2e2e2;\"><\/div><\/div><\/div><\/div><\/li>\n<li class=\"fusion-layout-column fusion_builder_column fusion-builder-column-11 fusion-flex-column fusion-column-inner-bg-wrapper post-card fusion-grid-column fusion-post-cards-grid-column\" style=\"--awb-inner-bg-blend:overlay;--awb-inner-bg-size:cover;--awb-transform:translateY(0px);--awb-transform-hover:translateY(10px);--awb-flex-grow:0;--awb-flex-shrink:0;--awb-flex-grow-medium:0;--awb-flex-shrink-medium:0;--awb-flex-grow-small:0;--awb-flex-shrink-small:0;\" data-scroll-devices=\"small-visibility,medium-visibility,large-visibility\"><span class=\"fusion-column-inner-bg hover-type-none\"><a class=\"fusion-column-anchor\" href=\"https:\/\/www.advhome.it\/fr\/chateaux-bolzano-tyrol-du-sud\"><span class=\"fusion-column-inner-bg-image\"><\/span><\/a><\/span><div class=\"fusion-column-wrapper fusion-column-has-shadow fusion-flex-justify-content-flex-start fusion-content-layout-column\"><div class=\"fusion-classic-product-image-wrapper fusion-woo-product-image fusion-post-card-image fusion-post-card-image-1\" data-layout=\"static\" style=\"--awb-border-radius-top-left:5px;--awb-border-radius-top-right:5px;--awb-border-radius-bottom-right:5px;--awb-border-radius-bottom-left:5px;\"><div  class=\"fusion-image-wrapper\" aria-haspopup=\"true\">\n\t\t\t\t<img decoding=\"async\" width=\"2560\" height=\"1700\" src=\"https:\/\/www.advhome.it\/wp-content\/uploads\/castelli-adv-home-centro-storico-bolzano-italia-mercatini-di-natale-trentino-alto-adige-museo-archeologico-duomo-piazza-walther-passeggiata-vigneti-funivia-renon-dolomiti2.jpg\" class=\"attachment-full size-full lazyload wp-post-image\" alt=\"\" srcset=\"data:image\/svg+xml,%3Csvg%20xmlns%3D%27http%3A%2F%2Fwww.w3.org%2F2000%2Fsvg%27%20width%3D%272560%27%20height%3D%271700%27%20viewBox%3D%270%200%202560%201700%27%3E%3Crect%20width%3D%272560%27%20height%3D%271700%27%20fill-opacity%3D%220%22%2F%3E%3C%2Fsvg%3E\" data-orig-src=\"https:\/\/www.advhome.it\/wp-content\/uploads\/castelli-adv-home-centro-storico-bolzano-italia-mercatini-di-natale-trentino-alto-adige-museo-archeologico-duomo-piazza-walther-passeggiata-vigneti-funivia-renon-dolomiti2.jpg\" data-srcset=\"https:\/\/www.advhome.it\/wp-content\/uploads\/castelli-adv-home-centro-storico-bolzano-italia-mercatini-di-natale-trentino-alto-adige-museo-archeologico-duomo-piazza-walther-passeggiata-vigneti-funivia-renon-dolomiti2-200x133.jpg 200w, https:\/\/www.advhome.it\/wp-content\/uploads\/castelli-adv-home-centro-storico-bolzano-italia-mercatini-di-natale-trentino-alto-adige-museo-archeologico-duomo-piazza-walther-passeggiata-vigneti-funivia-renon-dolomiti2-400x266.jpg 400w, https:\/\/www.advhome.it\/wp-content\/uploads\/castelli-adv-home-centro-storico-bolzano-italia-mercatini-di-natale-trentino-alto-adige-museo-archeologico-duomo-piazza-walther-passeggiata-vigneti-funivia-renon-dolomiti2-600x398.jpg 600w, https:\/\/www.advhome.it\/wp-content\/uploads\/castelli-adv-home-centro-storico-bolzano-italia-mercatini-di-natale-trentino-alto-adige-museo-archeologico-duomo-piazza-walther-passeggiata-vigneti-funivia-renon-dolomiti2-800x531.jpg 800w, https:\/\/www.advhome.it\/wp-content\/uploads\/castelli-adv-home-centro-storico-bolzano-italia-mercatini-di-natale-trentino-alto-adige-museo-archeologico-duomo-piazza-walther-passeggiata-vigneti-funivia-renon-dolomiti2-1200x797.jpg 1200w, https:\/\/www.advhome.it\/wp-content\/uploads\/castelli-adv-home-centro-storico-bolzano-italia-mercatini-di-natale-trentino-alto-adige-museo-archeologico-duomo-piazza-walther-passeggiata-vigneti-funivia-renon-dolomiti2.jpg 2560w\" data-sizes=\"auto\" \/><\/div>\n<\/div><div class=\"fusion-title title fusion-title-10 fusion-title-center fusion-title-text fusion-title-size-five\" style=\"--awb-text-color:var(--awb-color8);--awb-margin-top:20px;--awb-margin-bottom:20px;--awb-margin-top-small:30px;--awb-font-size:17px;\"><div class=\"title-sep-container title-sep-container-left\"><div class=\"title-sep sep-single sep-solid\" style=\"border-color:#e2e2e2;\"><\/div><\/div><span class=\"awb-title-spacer\"><\/span><h5 class=\"fusion-title-heading title-heading-center\" style=\"font-family:&quot;Open Sans&quot;;font-style:normal;font-weight:400;margin:0;text-transform:uppercase;font-size:1em;line-height:1.5;\">Ch\u00e2teaux Bolzano Tyrol du Sud<\/h5><span class=\"awb-title-spacer\"><\/span><div class=\"title-sep-container title-sep-container-right\"><div class=\"title-sep sep-single sep-solid\" style=\"border-color:#e2e2e2;\"><\/div><\/div><\/div><\/div><\/li>\n<\/ul><\/div><\/div><\/div><\/div><\/div>\n","protected":false},"excerpt":{"rendered":"","protected":false},"author":1,"featured_media":0,"comment_status":"closed","ping_status":"closed","sticky":false,"template":"","format":"standard","meta":{"footnotes":""},"categories":[110],"tags":[],"class_list":["post-3039","post","type-post","status-publish","format-standard","hentry","category-rich-attstagioni-fr"],"yoast_head":"<!-- This site is optimized with the Yoast SEO plugin v26.8 - https:\/\/yoast.com\/product\/yoast-seo-wordpress\/ -->\n<title>Richiamo Activit\u00e9s - Saisons - ADV HOME<\/title>\n<meta name=\"robots\" content=\"index, follow, max-snippet:-1, max-image-preview:large, max-video-preview:-1\" \/>\n<link rel=\"canonical\" href=\"https:\/\/www.advhome.it\/fr\/richiamo-activites-saisons\" \/>\n<meta property=\"og:locale\" content=\"fr_FR\" \/>\n<meta property=\"og:type\" content=\"article\" \/>\n<meta property=\"og:title\" content=\"Richiamo Activit\u00e9s - Saisons - ADV HOME\" \/>\n<meta property=\"og:url\" content=\"https:\/\/www.advhome.it\/fr\/richiamo-activites-saisons\" \/>\n<meta property=\"og:site_name\" content=\"ADV HOME\" \/>\n<meta property=\"article:published_time\" content=\"2024-09-03T22:05:25+00:00\" \/>\n<meta property=\"article:modified_time\" content=\"2024-09-08T20:19:11+00:00\" \/>\n<meta name=\"author\" content=\"admin\" \/>\n<meta name=\"twitter:card\" content=\"summary_large_image\" \/>\n<meta name=\"twitter:label1\" content=\"\u00c9crit par\" \/>\n\t<meta name=\"twitter:data1\" content=\"admin\" \/>\n\t<meta name=\"twitter:label2\" content=\"Dur\u00e9e de lecture estim\u00e9e\" \/>\n\t<meta name=\"twitter:data2\" content=\"1 minute\" \/>\n<script type=\"application\/ld+json\" class=\"yoast-schema-graph\">{\"@context\":\"https:\/\/schema.org\",\"@graph\":[{\"@type\":\"Article\",\"@id\":\"https:\/\/www.advhome.it\/fr\/richiamo-activites-saisons#article\",\"isPartOf\":{\"@id\":\"https:\/\/www.advhome.it\/fr\/richiamo-activites-saisons\"},\"author\":{\"name\":\"admin\",\"@id\":\"https:\/\/www.advhome.it\/fr#\/schema\/person\/8acdeaf71bbe1bf2b464a2d78577cf9a\"},\"headline\":\"Richiamo Activit\u00e9s &#8211; Saisons\",\"datePublished\":\"2024-09-03T22:05:25+00:00\",\"dateModified\":\"2024-09-08T20:19:11+00:00\",\"mainEntityOfPage\":{\"@id\":\"https:\/\/www.advhome.it\/fr\/richiamo-activites-saisons\"},\"wordCount\":2436,\"articleSection\":[\"rich attstagioni fr\"],\"inLanguage\":\"fr-FR\"},{\"@type\":\"WebPage\",\"@id\":\"https:\/\/www.advhome.it\/fr\/richiamo-activites-saisons\",\"url\":\"https:\/\/www.advhome.it\/fr\/richiamo-activites-saisons\",\"name\":\"Richiamo Activit\u00e9s - Saisons - ADV HOME\",\"isPartOf\":{\"@id\":\"https:\/\/www.advhome.it\/fr#website\"},\"datePublished\":\"2024-09-03T22:05:25+00:00\",\"dateModified\":\"2024-09-08T20:19:11+00:00\",\"author\":{\"@id\":\"https:\/\/www.advhome.it\/fr#\/schema\/person\/8acdeaf71bbe1bf2b464a2d78577cf9a\"},\"breadcrumb\":{\"@id\":\"https:\/\/www.advhome.it\/fr\/richiamo-activites-saisons#breadcrumb\"},\"inLanguage\":\"fr-FR\",\"potentialAction\":[{\"@type\":\"ReadAction\",\"target\":[\"https:\/\/www.advhome.it\/fr\/richiamo-activites-saisons\"]}]},{\"@type\":\"BreadcrumbList\",\"@id\":\"https:\/\/www.advhome.it\/fr\/richiamo-activites-saisons#breadcrumb\",\"itemListElement\":[{\"@type\":\"ListItem\",\"position\":1,\"name\":\"Home\",\"item\":\"https:\/\/www.advhome.it\/fr\"},{\"@type\":\"ListItem\",\"position\":2,\"name\":\"Richiamo Activit\u00e9s &#8211; Saisons\"}]},{\"@type\":\"WebSite\",\"@id\":\"https:\/\/www.advhome.it\/fr#website\",\"url\":\"https:\/\/www.advhome.it\/fr\",\"name\":\"ADV HOME\",\"description\":\"\",\"potentialAction\":[{\"@type\":\"SearchAction\",\"target\":{\"@type\":\"EntryPoint\",\"urlTemplate\":\"https:\/\/www.advhome.it\/fr?s={search_term_string}\"},\"query-input\":{\"@type\":\"PropertyValueSpecification\",\"valueRequired\":true,\"valueName\":\"search_term_string\"}}],\"inLanguage\":\"fr-FR\"},{\"@type\":\"Person\",\"@id\":\"https:\/\/www.advhome.it\/fr#\/schema\/person\/8acdeaf71bbe1bf2b464a2d78577cf9a\",\"name\":\"admin\",\"image\":{\"@type\":\"ImageObject\",\"inLanguage\":\"fr-FR\",\"@id\":\"https:\/\/www.advhome.it\/fr#\/schema\/person\/image\/\",\"url\":\"https:\/\/secure.gravatar.com\/avatar\/81343315bb736757eb81d938e3344500c1f5cecbccf523d6f0a63b92a06b6ef5?s=96&d=mm&r=g\",\"contentUrl\":\"https:\/\/secure.gravatar.com\/avatar\/81343315bb736757eb81d938e3344500c1f5cecbccf523d6f0a63b92a06b6ef5?s=96&d=mm&r=g\",\"caption\":\"admin\"},\"sameAs\":[\"https:\/\/www.advhome.it\"],\"url\":\"https:\/\/www.advhome.it\/fr\/author\/advstudio-it\"}]}<\/script>\n<!-- \/ Yoast SEO plugin. -->","yoast_head_json":{"title":"Richiamo Activit\u00e9s - Saisons - ADV HOME","robots":{"index":"index","follow":"follow","max-snippet":"max-snippet:-1","max-image-preview":"max-image-preview:large","max-video-preview":"max-video-preview:-1"},"canonical":"https:\/\/www.advhome.it\/fr\/richiamo-activites-saisons","og_locale":"fr_FR","og_type":"article","og_title":"Richiamo Activit\u00e9s - Saisons - ADV HOME","og_url":"https:\/\/www.advhome.it\/fr\/richiamo-activites-saisons","og_site_name":"ADV HOME","article_published_time":"2024-09-03T22:05:25+00:00","article_modified_time":"2024-09-08T20:19:11+00:00","author":"admin","twitter_card":"summary_large_image","twitter_misc":{"\u00c9crit par":"admin","Dur\u00e9e de lecture estim\u00e9e":"1 minute"},"schema":{"@context":"https:\/\/schema.org","@graph":[{"@type":"Article","@id":"https:\/\/www.advhome.it\/fr\/richiamo-activites-saisons#article","isPartOf":{"@id":"https:\/\/www.advhome.it\/fr\/richiamo-activites-saisons"},"author":{"name":"admin","@id":"https:\/\/www.advhome.it\/fr#\/schema\/person\/8acdeaf71bbe1bf2b464a2d78577cf9a"},"headline":"Richiamo Activit\u00e9s &#8211; Saisons","datePublished":"2024-09-03T22:05:25+00:00","dateModified":"2024-09-08T20:19:11+00:00","mainEntityOfPage":{"@id":"https:\/\/www.advhome.it\/fr\/richiamo-activites-saisons"},"wordCount":2436,"articleSection":["rich attstagioni fr"],"inLanguage":"fr-FR"},{"@type":"WebPage","@id":"https:\/\/www.advhome.it\/fr\/richiamo-activites-saisons","url":"https:\/\/www.advhome.it\/fr\/richiamo-activites-saisons","name":"Richiamo Activit\u00e9s - Saisons - ADV HOME","isPartOf":{"@id":"https:\/\/www.advhome.it\/fr#website"},"datePublished":"2024-09-03T22:05:25+00:00","dateModified":"2024-09-08T20:19:11+00:00","author":{"@id":"https:\/\/www.advhome.it\/fr#\/schema\/person\/8acdeaf71bbe1bf2b464a2d78577cf9a"},"breadcrumb":{"@id":"https:\/\/www.advhome.it\/fr\/richiamo-activites-saisons#breadcrumb"},"inLanguage":"fr-FR","potentialAction":[{"@type":"ReadAction","target":["https:\/\/www.advhome.it\/fr\/richiamo-activites-saisons"]}]},{"@type":"BreadcrumbList","@id":"https:\/\/www.advhome.it\/fr\/richiamo-activites-saisons#breadcrumb","itemListElement":[{"@type":"ListItem","position":1,"name":"Home","item":"https:\/\/www.advhome.it\/fr"},{"@type":"ListItem","position":2,"name":"Richiamo Activit\u00e9s &#8211; Saisons"}]},{"@type":"WebSite","@id":"https:\/\/www.advhome.it\/fr#website","url":"https:\/\/www.advhome.it\/fr","name":"ADV HOME","description":"","potentialAction":[{"@type":"SearchAction","target":{"@type":"EntryPoint","urlTemplate":"https:\/\/www.advhome.it\/fr?s={search_term_string}"},"query-input":{"@type":"PropertyValueSpecification","valueRequired":true,"valueName":"search_term_string"}}],"inLanguage":"fr-FR"},{"@type":"Person","@id":"https:\/\/www.advhome.it\/fr#\/schema\/person\/8acdeaf71bbe1bf2b464a2d78577cf9a","name":"admin","image":{"@type":"ImageObject","inLanguage":"fr-FR","@id":"https:\/\/www.advhome.it\/fr#\/schema\/person\/image\/","url":"https:\/\/secure.gravatar.com\/avatar\/81343315bb736757eb81d938e3344500c1f5cecbccf523d6f0a63b92a06b6ef5?s=96&d=mm&r=g","contentUrl":"https:\/\/secure.gravatar.com\/avatar\/81343315bb736757eb81d938e3344500c1f5cecbccf523d6f0a63b92a06b6ef5?s=96&d=mm&r=g","caption":"admin"},"sameAs":["https:\/\/www.advhome.it"],"url":"https:\/\/www.advhome.it\/fr\/author\/advstudio-it"}]}},"_links":{"self":[{"href":"https:\/\/www.advhome.it\/fr\/wp-json\/wp\/v2\/posts\/3039","targetHints":{"allow":["GET"]}}],"collection":[{"href":"https:\/\/www.advhome.it\/fr\/wp-json\/wp\/v2\/posts"}],"about":[{"href":"https:\/\/www.advhome.it\/fr\/wp-json\/wp\/v2\/types\/post"}],"author":[{"embeddable":true,"href":"https:\/\/www.advhome.it\/fr\/wp-json\/wp\/v2\/users\/1"}],"replies":[{"embeddable":true,"href":"https:\/\/www.advhome.it\/fr\/wp-json\/wp\/v2\/comments?post=3039"}],"version-history":[{"count":2,"href":"https:\/\/www.advhome.it\/fr\/wp-json\/wp\/v2\/posts\/3039\/revisions"}],"predecessor-version":[{"id":3050,"href":"https:\/\/www.advhome.it\/fr\/wp-json\/wp\/v2\/posts\/3039\/revisions\/3050"}],"wp:attachment":[{"href":"https:\/\/www.advhome.it\/fr\/wp-json\/wp\/v2\/media?parent=3039"}],"wp:term":[{"taxonomy":"category","embeddable":true,"href":"https:\/\/www.advhome.it\/fr\/wp-json\/wp\/v2\/categories?post=3039"},{"taxonomy":"post_tag","embeddable":true,"href":"https:\/\/www.advhome.it\/fr\/wp-json\/wp\/v2\/tags?post=3039"}],"curies":[{"name":"wp","href":"https:\/\/api.w.org\/{rel}","templated":true}]}}