{"id":3310,"date":"2022-12-12T15:33:17","date_gmt":"2022-12-12T15:33:17","guid":{"rendered":"https:\/\/www.advhome.it\/musei-bolzano-alto-adige"},"modified":"2024-09-11T09:08:21","modified_gmt":"2024-09-11T09:08:21","slug":"museos-bolzano-tirol-del-sur","status":"publish","type":"post","link":"https:\/\/www.advhome.it\/es\/museos-bolzano-tirol-del-sur","title":{"rendered":"Museos Bolzano Tirol del Sur"},"content":{"rendered":"<p><div class=\"fusion-fullwidth fullwidth-box fusion-builder-row-1 fusion-flex-container has-pattern-background has-mask-background attivita-cont-slogan hundred-percent-fullwidth non-hundred-percent-height-scrolling\" style=\"--awb-border-radius-top-left:0px;--awb-border-radius-top-right:0px;--awb-border-radius-bottom-right:0px;--awb-border-radius-bottom-left:0px;--awb-padding-top:100px;--awb-padding-right:30px;--awb-padding-bottom:100px;--awb-padding-left:30px;--awb-margin-top:0px;--awb-margin-bottom:0px;--awb-background-color:#00637a;--awb-flex-wrap:wrap;\" ><div class=\"awb-background-pattern\" style=\"background-image:  url(data:image\/svg+xml;utf8,%3Csvg%20width%3D%22120%22%20height%3D%22120%22%20fill%3D%22none%22%20xmlns%3D%22http%3A%2F%2Fwww.w3.org%2F2000%2Fsvg%22%3E%3Cpath%20fill-rule%3D%22evenodd%22%20clip-rule%3D%22evenodd%22%20d%3D%22M1.488%2030c0%2015.747%2012.765%2028.512%2028.512%2028.512S58.512%2045.747%2058.512%2030%2045.747%201.488%2030%201.488%201.488%2014.253%201.488%2030zM30%2060C13.431%2060%200%2046.569%200%2030%200%2013.431%2013.431%200%2030%200c16.569%200%2030%2013.431%2030%2030%200%2016.569-13.431%2030-30%2030z%22%20fill%3D%22rgba%280%2C0%2C0%2C0.3%29%22%2F%3E%3Cpath%20fill-rule%3D%22evenodd%22%20clip-rule%3D%22evenodd%22%20d%3D%22M11.47%2030c0%2010.234%208.296%2018.53%2018.53%2018.53%2010.234%200%2018.53-8.296%2018.53-18.53%200-10.234-8.296-18.53-18.53-18.53-10.234%200-18.53%208.296-18.53%2018.53zM30%2050c-11.046%200-20-8.954-20-20s8.954-20%2020-20%2020%208.954%2020%2020-8.954%2020-20%2020zM1.488%2090c0%2015.747%2012.765%2028.512%2028.512%2028.512S58.512%20105.747%2058.512%2090%2045.747%2061.488%2030%2061.488%201.488%2074.253%201.488%2090zM30%20120c-16.569%200-30-13.431-30-30%200-16.569%2013.431-30%2030-30%2016.569%200%2030%2013.431%2030%2030%200%2016.569-13.431%2030-30%2030z%22%20fill%3D%22rgba%280%2C0%2C0%2C0.3%29%22%2F%3E%3Cpath%20fill-rule%3D%22evenodd%22%20clip-rule%3D%22evenodd%22%20d%3D%22M11.47%2090c0%2010.234%208.296%2018.531%2018.53%2018.531%2010.234%200%2018.53-8.297%2018.53-18.531%200-10.234-8.296-18.53-18.53-18.53-10.234%200-18.53%208.296-18.53%2018.53zM30%20110c-11.046%200-20-8.954-20-20s8.954-20%2020-20%2020%208.954%2020%2020-8.954%2020-20%2020zM61.488%2030c0%2015.747%2012.765%2028.512%2028.512%2028.512S118.512%2045.747%20118.512%2030%20105.747%201.488%2090%201.488%2061.488%2014.253%2061.488%2030zM90%2060c-16.569%200-30-13.431-30-30C60%2013.431%2073.431%200%2090%200c16.569%200%2030%2013.431%2030%2030%200%2016.569-13.431%2030-30%2030z%22%20fill%3D%22rgba%280%2C0%2C0%2C0.3%29%22%2F%3E%3Cpath%20fill-rule%3D%22evenodd%22%20clip-rule%3D%22evenodd%22%20d%3D%22M71.47%2030c0%2010.234%208.296%2018.53%2018.53%2018.53%2010.234%200%2018.531-8.296%2018.531-18.53%200-10.234-8.297-18.53-18.531-18.53-10.234%200-18.53%208.296-18.53%2018.53zM90%2050c-11.046%200-20-8.954-20-20s8.954-20%2020-20%2020%208.954%2020%2020-8.954%2020-20%2020zM61.488%2090c0%2015.747%2012.765%2028.512%2028.512%2028.512S118.512%20105.747%20118.512%2090%20105.747%2061.488%2090%2061.488%2061.488%2074.253%2061.488%2090zM90%20120c-16.569%200-30-13.431-30-30%200-16.569%2013.431-30%2030-30%2016.569%200%2030%2013.431%2030%2030%200%2016.569-13.431%2030-30%2030z%22%20fill%3D%22rgba%280%2C0%2C0%2C0.3%29%22%2F%3E%3Cpath%20fill-rule%3D%22evenodd%22%20clip-rule%3D%22evenodd%22%20d%3D%22M71.47%2090c0%2010.234%208.296%2018.531%2018.53%2018.531%2010.234%200%2018.531-8.297%2018.531-18.531%200-10.234-8.297-18.53-18.531-18.53-10.234%200-18.53%208.296-18.53%2018.53zM90%20110c-11.046%200-20-8.954-20-20s8.954-20%2020-20%2020%208.954%2020%2020-8.954%2020-20%2020z%22%20fill%3D%22rgba%280%2C0%2C0%2C0.3%29%22%2F%3E%3C%2Fsvg%3E);opacity: 1 ;mix-blend-mode:normal;\"><\/div><div class=\"fusion-builder-row fusion-row fusion-flex-align-items-flex-start fusion-flex-content-wrap\" style=\"width:104% !important;max-width:104% !important;margin-left: calc(-4% \/ 2 );margin-right: calc(-4% \/ 2 );\"><div class=\"fusion-layout-column fusion_builder_column fusion-builder-column-0 fusion_builder_column_1_1 1_1 fusion-flex-column fusion-animated\" style=\"--awb-padding-top:30px;--awb-padding-bottom:10px;--awb-bg-size:cover;--awb-width-large:100%;--awb-margin-top-large:0px;--awb-spacing-right-large:1.92%;--awb-margin-bottom-large:0px;--awb-spacing-left-large:1.92%;--awb-width-medium:100%;--awb-order-medium:0;--awb-spacing-right-medium:1.92%;--awb-spacing-left-medium:1.92%;--awb-width-small:100%;--awb-order-small:0;--awb-spacing-right-small:1.92%;--awb-margin-bottom-small:68px;--awb-spacing-left-small:1.92%;\" data-animationType=\"fadeInDown\" data-animationDuration=\"0.8\" data-animationDelay=\"0.2\" data-animationOffset=\"top-into-view\" data-scroll-devices=\"small-visibility,medium-visibility,large-visibility\"><div class=\"fusion-column-wrapper fusion-column-has-shadow fusion-flex-justify-content-flex-start fusion-content-layout-column\"><i class=\"fb-icon-element-1 fb-icon-element fontawesome-icon fa-book-reader fas circle-no attivita-icon\" style=\"--awb-iconcolor:var(--awb-color1);--awb-iconcolor-hover:var(--awb-color8);--awb-font-size:70px;--awb-align-self:center;--awb-margin-top:0px;--awb-margin-right:0px;--awb-margin-bottom:10px;--awb-margin-left:0px;\"><\/i><div class=\"fusion-text fusion-text-1\" style=\"--awb-content-alignment:center;--awb-font-size:30px;--awb-text-color:var(--awb-color1);--awb-text-font-family:&quot;Merienda&quot;;--awb-text-font-style:normal;--awb-text-font-weight:400;\"><p>Descubre el patrimonio cultural<\/p>\n<\/div><div class=\"fusion-text fusion-text-2\" style=\"--awb-content-alignment:center;--awb-font-size:30px;--awb-text-color:var(--awb-color1);--awb-text-font-family:&quot;Merienda&quot;;--awb-text-font-style:normal;--awb-text-font-weight:400;\"><p>BOLZANO &#8211; TIROL DEL SUR<\/p>\n<\/div><\/div><\/div><\/div><\/div><div class=\"fusion-fullwidth fullwidth-box fusion-builder-row-2 fusion-flex-container has-pattern-background has-mask-background attivita-cont-txt nonhundred-percent-fullwidth non-hundred-percent-height-scrolling\" style=\"--awb-border-sizes-top:0px;--awb-border-sizes-bottom:0px;--awb-border-sizes-left:0px;--awb-border-sizes-right:0px;--awb-border-radius-top-left:0px;--awb-border-radius-top-right:0px;--awb-border-radius-bottom-right:0px;--awb-border-radius-bottom-left:0px;--awb-padding-top:120px;--awb-padding-bottom:120px;--awb-padding-top-medium:60px;--awb-padding-bottom-medium:60px;--awb-padding-top-small:60px;--awb-margin-top:0px;--awb-margin-bottom:0px;--awb-background-color:rgba(255,255,255,0);--awb-flex-wrap:wrap;\" ><div class=\"awb-background-mask\" style=\"background-image:  url(data:image\/svg+xml;utf8,%3Csvg%20width%3D%221920%22%20height%3D%22954%22%20fill%3D%22none%22%20xmlns%3D%22http%3A%2F%2Fwww.w3.org%2F2000%2Fsvg%22%3E%3Cpath%20fill-rule%3D%22evenodd%22%20clip-rule%3D%22evenodd%22%20d%3D%22M1920%20615.353V340.175l-137.59%20137.589L1920%20615.353zM1919.24%20954l-167.18-167.177-139.35-139.353L1443%20477.764l169.71-169.706%20139.35-139.352L1920%20.764V0h-137.19L1345%20437.812%20907.188%200H0v954h907l84.447-84.447%20268.703-268.7L1345%20516l84.85%2084.853%20268.7%20268.7L1783%20954h136.24zM1345%20685.706L1613.29%20954H1526l-138.57-138.574L1345%20773l-42.43%2042.426L1164%20954h-87.29L1345%20685.706zM1248.85%20954l96.15-96.147L1441.15%20954h-192.3z%22%20fill%3D%22rgba%28249%2C249%2C251%2C1%29%22%2F%3E%3C%2Fsvg%3E);opacity: 1 ;transform: scale(1, 1);mix-blend-mode:normal;\"><\/div><div class=\"fusion-builder-row fusion-row fusion-flex-align-items-flex-start fusion-flex-justify-content-center fusion-flex-content-wrap\" style=\"max-width:calc( 1300px + 80px );margin-left: calc(-80px \/ 2 );margin-right: calc(-80px \/ 2 );\"><div class=\"fusion-layout-column fusion_builder_column fusion-builder-column-1 fusion_builder_column_1_1 1_1 fusion-flex-column\" style=\"--awb-bg-size:cover;--awb-width-large:100%;--awb-margin-top-large:0px;--awb-spacing-right-large:40px;--awb-margin-bottom-large:20px;--awb-spacing-left-large:40px;--awb-width-medium:100%;--awb-order-medium:0;--awb-spacing-right-medium:40px;--awb-spacing-left-medium:40px;--awb-width-small:100%;--awb-order-small:0;--awb-spacing-right-small:40px;--awb-spacing-left-small:40px;\"><div class=\"fusion-column-wrapper fusion-column-has-shadow fusion-flex-justify-content-flex-start fusion-content-layout-column\"><div class=\"fusion-text fusion-text-3\" style=\"--awb-content-alignment:left;--awb-font-size:20px;\"><p><strong>Los museos m\u00e1s queridos de Tirol del Sur: Un viaje por la cultura y la historia<\/strong><\/p>\n<\/div><div class=\"fusion-text fusion-text-4\" style=\"--awb-content-alignment:left;\"><p>Durante tu estancia en nuestra casa de hu\u00e9spedes ubicada en el coraz\u00f3n del centro hist\u00f3rico de Bolzano, no pierdas la oportunidad de explorar los museos m\u00e1s queridos de Tirol del Sur. Estos museos ofrecen una fascinante inmersi\u00f3n en la historia, el arte y la cultura de la regi\u00f3n, garantizando experiencias inolvidables para todos los visitantes.<\/p>\n<\/div><\/div><\/div><div class=\"fusion-layout-column fusion_builder_column fusion-builder-column-2 fusion_builder_column_1_2 1_2 fusion-flex-column\" style=\"--awb-bg-size:cover;--awb-width-large:50%;--awb-margin-top-large:0px;--awb-spacing-right-large:40px;--awb-margin-bottom-large:20px;--awb-spacing-left-large:40px;--awb-width-medium:50%;--awb-order-medium:0;--awb-spacing-right-medium:40px;--awb-spacing-left-medium:40px;--awb-width-small:100%;--awb-order-small:0;--awb-spacing-right-small:40px;--awb-spacing-left-small:40px;\"><div class=\"fusion-column-wrapper fusion-column-has-shadow fusion-flex-justify-content-flex-start fusion-content-layout-column\"><div class=\"fusion-text fusion-text-5\" style=\"--awb-font-size:30px;--awb-text-font-family:&quot;Merienda&quot;;--awb-text-font-style:normal;--awb-text-font-weight:400;\"><p>Museo Arqueol\u00f3gico de Tirol del Sur (Bolzano)<\/p>\n<\/div><div class=\"fusion-text fusion-text-6\"><p><strong>\u00bfPor qu\u00e9 visitar el Museo Arqueol\u00f3gico de Tirol del Sur?<\/strong><\/p>\n<ul>\n<li><strong>Descubrimiento de \u00d6tzi<\/strong>: Admira la momia de \u00d6tzi y descubre su historia a trav\u00e9s de exposiciones detalladas que ilustran la vida en la Edad del Cobre.<\/li>\n<li><strong>Hallazgos Arqueol\u00f3gicos<\/strong>: Explora las colecciones que abarcan m\u00e1s de 15,000 a\u00f1os de historia, desde los primeros asentamientos humanos hasta la Edad Media.<\/li>\n<li><strong>Exposiciones Interactivas<\/strong>: Disfruta de experiencias interactivas que hacen que la visita sea educativa y entretenida para todas las edades.<\/li>\n<\/ul>\n<\/div><\/div><\/div><div class=\"fusion-layout-column fusion_builder_column fusion-builder-column-3 fusion_builder_column_1_2 1_2 fusion-flex-column\" style=\"--awb-bg-size:cover;--awb-width-large:50%;--awb-margin-top-large:0px;--awb-spacing-right-large:40px;--awb-margin-bottom-large:20px;--awb-spacing-left-large:40px;--awb-width-medium:50%;--awb-order-medium:0;--awb-spacing-right-medium:40px;--awb-spacing-left-medium:40px;--awb-width-small:100%;--awb-order-small:0;--awb-spacing-right-small:40px;--awb-spacing-left-small:40px;\"><div class=\"fusion-column-wrapper fusion-column-has-shadow fusion-flex-justify-content-flex-start fusion-content-layout-column\"><div class=\"fusion-text fusion-text-7\" style=\"--awb-font-size:30px;--awb-text-font-family:&quot;Merienda&quot;;--awb-text-font-style:normal;--awb-text-font-weight:400;\"><p><strong>Museion (Bolzano)<\/strong><\/p>\n<\/div><div class=\"fusion-text fusion-text-8\"><p>El <strong>Museion<\/strong> es el museo de arte moderno y contempor\u00e1neo de Bolzano, una instituci\u00f3n din\u00e1mica que alberga obras de artistas internacionales y locales.<\/p>\n<p><strong>\u00bfPor qu\u00e9 visitar el Museion?<\/strong><\/p>\n<ul>\n<li><strong>Arte Contempor\u00e1neo<\/strong>: Descubre exposiciones temporales y permanentes que exploran las tendencias art\u00edsticas contempor\u00e1neas.<\/li>\n<li><strong>Arquitectura Moderna<\/strong>: Admira el propio edificio del Museion, un ejemplo de arquitectura moderna con una fachada transparente que crea un di\u00e1logo entre el interior y el exterior.<\/li>\n<li><strong>Eventos Culturales<\/strong>: Participa en conferencias, talleres y performances que enriquecen la experiencia muse\u00edstica.<\/li>\n<\/ul>\n<\/div><\/div><\/div><div class=\"fusion-layout-column fusion_builder_column fusion-builder-column-4 fusion_builder_column_1_2 1_2 fusion-flex-column\" style=\"--awb-bg-size:cover;--awb-width-large:50%;--awb-margin-top-large:0px;--awb-spacing-right-large:40px;--awb-margin-bottom-large:20px;--awb-spacing-left-large:40px;--awb-width-medium:50%;--awb-order-medium:0;--awb-spacing-right-medium:40px;--awb-spacing-left-medium:40px;--awb-width-small:100%;--awb-order-small:0;--awb-spacing-right-small:40px;--awb-spacing-left-small:40px;\"><div class=\"fusion-column-wrapper fusion-column-has-shadow fusion-flex-justify-content-flex-start fusion-content-layout-column\"><div class=\"fusion-text fusion-text-9\" style=\"--awb-font-size:30px;--awb-text-font-family:&quot;Merienda&quot;;--awb-text-font-style:normal;--awb-text-font-weight:400;\"><p>Museo de Ciencias Naturales de Tirol del Sur (Bolzano)<\/p>\n<\/div><div class=\"fusion-text fusion-text-10\"><p>El <strong>Museo de Ciencias Naturales de Tirol del Sur<\/strong> ofrece una visi\u00f3n completa de la biodiversidad y la geolog\u00eda de la regi\u00f3n, con especial atenci\u00f3n a los Dolomitas.<\/p>\n<p><strong>\u00bfPor qu\u00e9 visitar el Museo de Ciencias Naturales de Tirol del Sur?<\/strong><\/p>\n<ul>\n<li><strong>Exploraci\u00f3n de la Naturaleza<\/strong>: Descubre la flora y fauna locales a trav\u00e9s de exposiciones detalladas y dioramas realistas.<\/li>\n<li><strong>Exposiciones Interactivas<\/strong>: Disfruta de experiencias interactivas que educan y divierten a visitantes de todas las edades.<\/li>\n<li><strong>Acuario Alpino<\/strong>: Visita el acuario que alberga especies de peces de los Alpes, ofreciendo una fascinante visi\u00f3n de la vida acu\u00e1tica local.<\/li>\n<\/ul>\n<\/div><\/div><\/div><div class=\"fusion-layout-column fusion_builder_column fusion-builder-column-5 fusion_builder_column_1_2 1_2 fusion-flex-column\" style=\"--awb-bg-size:cover;--awb-width-large:50%;--awb-margin-top-large:0px;--awb-spacing-right-large:40px;--awb-margin-bottom-large:20px;--awb-spacing-left-large:40px;--awb-width-medium:50%;--awb-order-medium:0;--awb-spacing-right-medium:40px;--awb-spacing-left-medium:40px;--awb-width-small:100%;--awb-order-small:0;--awb-spacing-right-small:40px;--awb-spacing-left-small:40px;\"><div class=\"fusion-column-wrapper fusion-column-has-shadow fusion-flex-justify-content-flex-start fusion-content-layout-column\"><div class=\"fusion-text fusion-text-11\" style=\"--awb-font-size:30px;--awb-text-font-family:&quot;Merienda&quot;;--awb-text-font-style:normal;--awb-text-font-weight:400;\"><p>Messner Mountain Museum (Varios Sitios)<\/p>\n<\/div><div class=\"fusion-text fusion-text-12\"><p>El <strong>Messner Mountain Museum<\/strong> es una red de museos fundada por el famoso alpinista Reinhold Messner, dedicada a la cultura de la monta\u00f1a, el monta\u00f1ismo y la interacci\u00f3n entre el hombre y la monta\u00f1a.<\/p>\n<p><strong>\u00bfPor qu\u00e9 visitar el Messner Mountain Museum?<\/strong><\/p>\n<ul>\n<li><strong>Sitios \u00danicos<\/strong>: Cada museo de la red est\u00e1 situado en ubicaciones espectaculares, como castillos, fuertes y mesetas alpinas.<\/li>\n<li><strong>Historia del Monta\u00f1ismo<\/strong>: Explora colecciones que documentan la historia del monta\u00f1ismo y la experiencia de las grandes expediciones.<\/li>\n<li><strong>Perspectivas Culturales<\/strong>: Descubre c\u00f3mo las monta\u00f1as influyen en las culturas y las vidas de las personas que las habitan.<\/li>\n<\/ul>\n<\/div><\/div><\/div><div class=\"fusion-layout-column fusion_builder_column fusion-builder-column-6 fusion_builder_column_1_1 1_1 fusion-flex-column\" style=\"--awb-bg-size:cover;--awb-width-large:100%;--awb-margin-top-large:0px;--awb-spacing-right-large:40px;--awb-margin-bottom-large:20px;--awb-spacing-left-large:40px;--awb-width-medium:100%;--awb-order-medium:0;--awb-spacing-right-medium:40px;--awb-spacing-left-medium:40px;--awb-width-small:100%;--awb-order-small:0;--awb-spacing-right-small:40px;--awb-spacing-left-small:40px;\"><div class=\"fusion-column-wrapper fusion-column-has-shadow fusion-flex-justify-content-flex-start fusion-content-layout-column\"><div class=\"fusion-text fusion-text-13\" style=\"--awb-font-size:30px;--awb-text-font-family:&quot;Merienda&quot;;--awb-text-font-style:normal;--awb-text-font-weight:400;\"><p>Museo del Vino (Caldaro)<\/p>\n<\/div><div class=\"fusion-text fusion-text-14\"><p>El <strong>Museo del Vino<\/strong> en Caldaro ofrece una visi\u00f3n profunda de la tradici\u00f3n vin\u00edcola de Tirol del Sur, una de las regiones vitivin\u00edcolas m\u00e1s importantes de Italia.<\/p>\n<p><strong>\u00bfPor qu\u00e9 visitar el Museo del Vino?<\/strong><\/p>\n<ul>\n<li><strong>Historia del Vino<\/strong>: Descubre la historia de la viticultura local, desde antiguas t\u00e9cnicas de producci\u00f3n hasta m\u00e9todos enol\u00f3gicos modernos.<\/li>\n<li><strong>Catas de Vino<\/strong>: Participa en catas guiadas que te permitir\u00e1n degustar algunos de los mejores vinos de la regi\u00f3n.<\/li>\n<li><strong>Exposiciones Tem\u00e1ticas<\/strong>: Explora exposiciones que ilustran las herramientas y t\u00e9cnicas utilizadas en la producci\u00f3n del vino.<\/li>\n<\/ul>\n<\/div><\/div><\/div><div class=\"fusion-layout-column fusion_builder_column fusion-builder-column-7 fusion_builder_column_1_1 1_1 fusion-flex-column\" style=\"--awb-bg-size:cover;--awb-width-large:100%;--awb-margin-top-large:0px;--awb-spacing-right-large:40px;--awb-margin-bottom-large:20px;--awb-spacing-left-large:40px;--awb-width-medium:100%;--awb-order-medium:0;--awb-spacing-right-medium:40px;--awb-spacing-left-medium:40px;--awb-width-small:100%;--awb-order-small:0;--awb-spacing-right-small:40px;--awb-spacing-left-small:40px;\"><div class=\"fusion-column-wrapper fusion-column-has-shadow fusion-flex-justify-content-flex-start fusion-content-layout-column\"><div class=\"fusion-text fusion-text-15\"><p>Los museos de Tirol del Sur ofrecen un rico patrimonio cultural e hist\u00f3rico que enriquecer\u00e1 tu estancia. Nuestra casa de hu\u00e9spedes en el centro hist\u00f3rico de Bolzano es la base ideal para descubrir estos tesoros culturales. \u00a1Te esperamos para una estancia inolvidable!<\/p>\n<\/div><\/div><\/div><\/div><\/div><div class=\"fusion-fullwidth fullwidth-box fusion-builder-row-3 fusion-flex-container has-pattern-background has-mask-background art-cont-guestcard hundred-percent-fullwidth non-hundred-percent-height-scrolling\" style=\"--awb-border-radius-top-left:0px;--awb-border-radius-top-right:0px;--awb-border-radius-bottom-right:0px;--awb-border-radius-bottom-left:0px;--awb-flex-wrap:wrap;\" ><div class=\"fusion-builder-row fusion-row fusion-flex-align-items-flex-start fusion-flex-content-wrap\" style=\"width:104% !important;max-width:104% !important;margin-left: calc(-4% \/ 2 );margin-right: calc(-4% \/ 2 );\"><div class=\"fusion-layout-column fusion_builder_column fusion-builder-column-8 fusion_builder_column_1_1 1_1 fusion-flex-column\" style=\"--awb-bg-size:cover;--awb-width-large:100%;--awb-margin-top-large:0px;--awb-spacing-right-large:0px;--awb-margin-bottom-large:0px;--awb-spacing-left-large:0px;--awb-width-medium:100%;--awb-order-medium:0;--awb-spacing-right-medium:0px;--awb-spacing-left-medium:0px;--awb-width-small:100%;--awb-order-small:0;--awb-spacing-right-small:1.92%;--awb-spacing-left-small:1.92%;\" data-scroll-devices=\"small-visibility,medium-visibility,large-visibility\"><div class=\"fusion-column-wrapper fusion-column-has-shadow fusion-flex-justify-content-flex-start fusion-content-layout-column\"><div class=\"fusion-blog-shortcode fusion-blog-shortcode-1 fusion-blog-archive fusion-blog-layout-large fusion-blog-pagination fusion-blog-no-images\"><div class=\"fusion-posts-container fusion-posts-container-pagination fusion-no-meta-info\" data-pages=\"1\"><article id=\"blog-1-post-2983\" class=\"fusion-post-large post-2983 post type-post status-publish format-standard has-post-thumbnail hentry category-tarjeta-de-huesped\">\n<div class=\"fusion-post-content post-content\"><div class=\"fusion-post-content-container\"><p><div class=\"fusion-fullwidth fullwidth-box fusion-builder-row-3-1 fusion-flex-container has-pattern-background has-mask-background guest-card-cont1 hundred-percent-fullwidth non-hundred-percent-height-scrolling\" style=\"--awb-border-radius-top-left:0px;--awb-border-radius-top-right:0px;--awb-border-radius-bottom-right:0px;--awb-border-radius-bottom-left:0px;--awb-padding-top:50px;--awb-padding-right:0px;--awb-padding-bottom:80px;--awb-padding-left:0px;--awb-flex-wrap:wrap;\" ><div class=\"fusion-builder-row fusion-row fusion-flex-align-items-center fusion-flex-justify-content-center fusion-flex-content-wrap\" style=\"width:104% !important;max-width:104% !important;margin-left: calc(-4% \/ 2 );margin-right: calc(-4% \/ 2 );\"><div class=\"fusion-layout-column fusion_builder_column fusion-builder-column-9 fusion_builder_column_1_1 1_1 fusion-flex-column fusion-animated\" style=\"--awb-bg-size:cover;--awb-width-large:100%;--awb-flex-grow:0;--awb-flex-shrink:0;--awb-margin-top-large:0px;--awb-spacing-right-large:1.92%;--awb-margin-bottom-large:20px;--awb-spacing-left-large:1.92%;--awb-width-medium:100%;--awb-order-medium:0;--awb-flex-grow-medium:0;--awb-flex-shrink-medium:0;--awb-spacing-right-medium:1.92%;--awb-spacing-left-medium:1.92%;--awb-width-small:100%;--awb-order-small:0;--awb-flex-grow-small:0;--awb-flex-shrink-small:0;--awb-spacing-right-small:1.92%;--awb-spacing-left-small:1.92%;\" data-animationType=\"fadeInDown\" data-animationDuration=\"5.0\" data-animationOffset=\"top-into-view\" data-scroll-devices=\"small-visibility,medium-visibility,large-visibility\"><div class=\"fusion-column-wrapper fusion-column-has-shadow fusion-flex-justify-content-flex-start fusion-content-layout-column\"><div class=\"fusion-separator\" style=\"align-self: center;margin-left: auto;margin-right: auto;margin-bottom:40px;width:100%;max-width:30%;\"><div class=\"fusion-separator-border sep-single sep-solid\" style=\"--awb-height:20px;--awb-amount:20px;--awb-sep-color:#247435;border-color:#247435;border-top-width:1px;\"><\/div><\/div><\/div><\/div><div class=\"fusion-layout-column fusion_builder_column fusion-builder-column-10 fusion_builder_column_1_1 1_1 fusion-flex-column\" style=\"--awb-bg-size:cover;--awb-transition:filter 300ms ease-out, transform 300ms ease-out, background-color 300ms ease-out, border-color 300ms ease-out;--awb-width-large:100%;--awb-flex-grow:0;--awb-flex-shrink:0;--awb-margin-top-large:0px;--awb-spacing-right-large:1.92%;--awb-margin-bottom-large:50px;--awb-spacing-left-large:1.92%;--awb-width-medium:100%;--awb-order-medium:0;--awb-flex-grow-medium:0;--awb-flex-shrink-medium:0;--awb-spacing-right-medium:1.92%;--awb-spacing-left-medium:1.92%;--awb-width-small:100%;--awb-order-small:0;--awb-flex-grow-small:0;--awb-flex-shrink-small:0;--awb-spacing-right-small:1.92%;--awb-spacing-left-small:1.92%;\" data-scroll-devices=\"small-visibility,medium-visibility,large-visibility\"><div class=\"fusion-column-wrapper fusion-column-has-shadow fusion-flex-justify-content-flex-start fusion-content-layout-column\"><div class=\"fusion-text fusion-text-16 fusion-animated\" style=\"--awb-content-alignment:center;--awb-font-size:40px;--awb-text-font-family:&quot;Merienda&quot;;--awb-text-font-style:normal;--awb-text-font-weight:400;\" data-animationType=\"fadeInLeft\" data-animationDuration=\"4.0\" data-animationOffset=\"top-into-view\"><p>S\u00fcdtirol Alto Adige Pase de Invitado<\/p>\n<\/div><div class=\"fusion-text fusion-text-17 fusion-animated\" style=\"--awb-content-alignment:center;\" data-animationType=\"fadeInRight\" data-animationDuration=\"4.0\" data-animationOffset=\"top-into-view\"><p>Ofrecemos a los hu\u00e9spedes de nuestra casa de hu\u00e9spedes la \u00abBolzano Card\u00bb de forma gratuita, que ofrece numerosos beneficios:<\/p>\n<\/div><i class=\"fb-icon-element-2 fb-icon-element fontawesome-icon fa-sun fas circle-no fa-spin fusion-animated\" style=\"--awb-iconcolor:var(--awb-custom_color_1);--awb-font-size:32px;--awb-margin-top:0;--awb-margin-right:0;--awb-margin-bottom:0;--awb-margin-left:0;--awb-align-self:center;\" data-animationType=\"fadeInUp\" data-animationDuration=\"4.0\" data-animationOffset=\"top-into-view\"><\/i><\/div><\/div><div class=\"fusion-layout-column fusion_builder_column fusion-builder-column-11 fusion_builder_column_1_2 1_2 fusion-flex-column art-col-tre-icon fusion-animated\" style=\"--awb-padding-right:0%;--awb-padding-right-small:0px;--awb-bg-size:cover;--awb-width-large:50%;--awb-flex-grow:0;--awb-flex-shrink:0;--awb-margin-top-large:0px;--awb-spacing-right-large:3.84%;--awb-margin-bottom-large:0px;--awb-spacing-left-large:3.84%;--awb-width-medium:50%;--awb-order-medium:0;--awb-flex-grow-medium:0;--awb-flex-shrink-medium:0;--awb-spacing-right-medium:3.84%;--awb-spacing-left-medium:3.84%;--awb-width-small:100%;--awb-order-small:0;--awb-flex-grow-small:0;--awb-flex-shrink-small:0;--awb-spacing-right-small:1.92%;--awb-margin-bottom-small:70px;--awb-spacing-left-small:1.92%;\" data-animationType=\"fadeInDown\" data-animationDuration=\"0.8\" data-animationDelay=\"0.3\" data-animationOffset=\"top-into-view\" data-scroll-devices=\"small-visibility,medium-visibility,large-visibility\"><div class=\"fusion-column-wrapper fusion-column-has-shadow fusion-flex-justify-content-flex-start fusion-content-layout-column\"><i class=\"fb-icon-element-3 fb-icon-element fontawesome-icon fa-bus-alt fas circle-no\" style=\"--awb-iconcolor:var(--awb-custom_color_1);--awb-iconcolor-hover:var(--awb-color6);--awb-font-size:45px;--awb-align-self:center;--awb-sm-align-self:center;--awb-margin-top:0px;--awb-margin-right:0px;--awb-margin-bottom:15px;--awb-margin-left:0px;\"><\/i><div class=\"fusion-text fusion-text-18\" style=\"--awb-content-alignment:center;--awb-font-size:20px;--awb-text-color:var(--awb-custom_color_1);--awb-text-font-family:&quot;Raleway&quot;;--awb-text-font-style:normal;--awb-text-font-weight:400;\"><p><strong>TRANSPORTE<\/strong><\/p>\n<\/div><div class=\"fusion-text fusion-text-19\" style=\"--awb-content-alignment:center;--awb-font-size:15px;\"><p>Uso ilimitado de transporte p\u00fablico en Tirol del Sur<\/p>\n<\/div><div class=\"fusion-separator fusion-full-width-sep\" style=\"align-self: center;margin-left: auto;margin-right: auto;margin-top:20px;width:100%;\"><\/div><i class=\"fb-icon-element-4 fb-icon-element fontawesome-icon fa-tram fas circle-no fusion-animated\" style=\"--awb-iconcolor:var(--awb-custom_color_1);--awb-font-size:50px;--awb-align-self:center;--awb-margin-top:0px;--awb-margin-right:0px;--awb-margin-bottom:40px;--awb-margin-left:0px;\" data-animationType=\"fadeInDown\" data-animationDuration=\"5.0\" data-animationOffset=\"top-into-view\"><\/i><div class=\"fusion-text fusion-text-20\" style=\"--awb-content-alignment:center;--awb-font-size:20px;--awb-text-transform:uppercase;--awb-text-color:var(--awb-custom_color_1);--awb-text-font-family:&quot;Raleway&quot;;--awb-text-font-style:normal;--awb-text-font-weight:700;\"><p>Telef\u00e9ricos<\/p>\n<\/div><div class=\"fusion-text fusion-text-21\" style=\"--awb-content-alignment:center;--awb-font-size:15px;\"><p>Acceso gratuito a telef\u00e9ricos seleccionados en Tirol del Sur<\/p>\n<\/div><div class=\"fusion-separator fusion-full-width-sep\" style=\"align-self: center;margin-left: auto;margin-right: auto;margin-top:20px;width:100%;\"><\/div><i class=\"fb-icon-element-5 fb-icon-element fontawesome-icon fa-subway fas circle-no\" style=\"--awb-iconcolor:var(--awb-custom_color_1);--awb-iconcolor-hover:var(--awb-color6);--awb-font-size:45px;--awb-align-self:center;--awb-sm-align-self:center;--awb-margin-top:0px;--awb-margin-right:0px;--awb-margin-bottom:15px;--awb-margin-left:0px;\"><\/i><div class=\"fusion-text fusion-text-22\" style=\"--awb-content-alignment:center;--awb-font-size:20px;--awb-text-transform:uppercase;--awb-text-color:var(--awb-custom_color_1);--awb-text-font-family:&quot;Raleway&quot;;--awb-text-font-style:normal;--awb-text-font-weight:700;\"><p>Trenes Regionales y Regional Expr\u00e9s<\/p>\n<\/div><div class=\"fusion-text fusion-text-23\" style=\"--awb-content-alignment:center;--awb-font-size:15px;\"><p>Viaja gratuitamente en rutas seleccionadas de trenes regionales (R, RV y RE) en Tirol del Sur y hasta Trento<\/p>\n<\/div><\/div><\/div><div class=\"fusion-layout-column fusion_builder_column fusion-builder-column-12 fusion_builder_column_1_2 1_2 fusion-flex-column fusion-column-inner-bg-wrapper\" style=\"--awb-inner-bg-size:cover;--awb-width-large:50%;--awb-flex-grow:0;--awb-flex-shrink:0;--awb-margin-top-large:0px;--awb-spacing-right-large:3.84%;--awb-margin-bottom-large:20px;--awb-spacing-left-large:3.84%;--awb-width-medium:50%;--awb-order-medium:0;--awb-flex-grow-medium:0;--awb-flex-shrink-medium:0;--awb-spacing-right-medium:3.84%;--awb-spacing-left-medium:3.84%;--awb-width-small:100%;--awb-order-small:0;--awb-flex-grow-small:0;--awb-flex-shrink-small:0;--awb-spacing-right-small:1.92%;--awb-spacing-left-small:1.92%;\" data-scroll-devices=\"small-visibility,medium-visibility,large-visibility\"><span class=\"fusion-column-inner-bg hover-type-none\"><a class=\"fusion-column-anchor\" href=\"https:\/\/www.bolzano-bozen.it\/it\/bolzano-bozen-card\/\" rel=\"noopener noreferrer\" target=\"_blank\"><span class=\"fusion-column-inner-bg-image\"><\/span><\/a><\/span><div class=\"fusion-column-wrapper fusion-column-has-shadow fusion-flex-justify-content-flex-start fusion-content-layout-column\"><div class=\"fusion-image-element \" style=\"text-align:center;--awb-caption-title-font-family:var(--h2_typography-font-family);--awb-caption-title-font-weight:var(--h2_typography-font-weight);--awb-caption-title-font-style:var(--h2_typography-font-style);--awb-caption-title-size:var(--h2_typography-font-size);--awb-caption-title-transform:var(--h2_typography-text-transform);--awb-caption-title-line-height:var(--h2_typography-line-height);--awb-caption-title-letter-spacing:var(--h2_typography-letter-spacing);\"><span class=\" fusion-imageframe imageframe-none imageframe-1 hover-type-none fusion-animated\" style=\"border:2px solid #000000;border-radius:10px;\" data-animationType=\"fadeInRight\" data-animationDuration=\"5.0\" data-animationOffset=\"top-into-view\"><img decoding=\"async\" width=\"505\" height=\"317\" title=\"suedtirol-alto-adige-south-tyrol-guest-pass-bolzano-bozen-card\" src=\"https:\/\/www.advhome.it\/wp-content\/uploads\/suedtirol-alto-adige-south-tyrol-guest-pass-bolzano-bozen-card.jpg\" data-orig-src=\"https:\/\/www.advhome.it\/wp-content\/uploads\/suedtirol-alto-adige-south-tyrol-guest-pass-bolzano-bozen-card.jpg\" alt class=\"lazyload img-responsive wp-image-2568\" srcset=\"data:image\/svg+xml,%3Csvg%20xmlns%3D%27http%3A%2F%2Fwww.w3.org%2F2000%2Fsvg%27%20width%3D%27505%27%20height%3D%27317%27%20viewBox%3D%270%200%20505%20317%27%3E%3Crect%20width%3D%27505%27%20height%3D%27317%27%20fill-opacity%3D%220%22%2F%3E%3C%2Fsvg%3E\" data-srcset=\"https:\/\/www.advhome.it\/wp-content\/uploads\/suedtirol-alto-adige-south-tyrol-guest-pass-bolzano-bozen-card-200x126.jpg 200w, https:\/\/www.advhome.it\/wp-content\/uploads\/suedtirol-alto-adige-south-tyrol-guest-pass-bolzano-bozen-card-400x251.jpg 400w, https:\/\/www.advhome.it\/wp-content\/uploads\/suedtirol-alto-adige-south-tyrol-guest-pass-bolzano-bozen-card.jpg 505w\" data-sizes=\"auto\" data-orig-sizes=\"(max-width: 640px) 100vw, 505px\" \/><\/span><\/div><\/div><\/div><div class=\"fusion-layout-column fusion_builder_column fusion-builder-column-13 fusion_builder_column_1_1 1_1 fusion-flex-column\" style=\"--awb-bg-size:cover;--awb-width-large:100%;--awb-flex-grow:0;--awb-flex-shrink:0;--awb-margin-top-large:40px;--awb-spacing-right-large:1.92%;--awb-margin-bottom-large:20px;--awb-spacing-left-large:1.92%;--awb-width-medium:100%;--awb-order-medium:0;--awb-flex-grow-medium:0;--awb-flex-shrink-medium:0;--awb-spacing-right-medium:1.92%;--awb-spacing-left-medium:1.92%;--awb-width-small:100%;--awb-order-small:0;--awb-flex-grow-small:0;--awb-flex-shrink-small:0;--awb-spacing-right-small:1.92%;--awb-spacing-left-small:1.92%;\" data-scroll-devices=\"small-visibility,medium-visibility,large-visibility\"><div class=\"fusion-column-wrapper fusion-column-has-shadow fusion-flex-justify-content-flex-start fusion-content-layout-column\"><div class=\"fusion-text fusion-text-24\"><p style=\"text-align: center;\"><em>Para m\u00e1s detalles, limitaciones y exclusiones, visita el sitio web de la<a href=\"https:\/\/guestpass.suedtirol.info\/en\" target=\"_blank\" rel=\"noopener\"><strong> Bolzano Bozen Card<\/strong><\/a><\/em><\/p>\n<\/div><div class=\"fusion-separator\" style=\"align-self: center;margin-left: auto;margin-right: auto;margin-top:50px;width:100%;max-width:30%;\"><div class=\"fusion-separator-border sep-single sep-solid\" style=\"--awb-height:20px;--awb-amount:20px;--awb-sep-color:#247435;border-color:#247435;border-top-width:1px;\"><\/div><\/div><\/div><\/div><\/div><\/div><div class=\"fusion-fullwidth fullwidth-box fusion-builder-row-3-2 fusion-flex-container has-pattern-background has-mask-background hundred-percent-fullwidth non-hundred-percent-height-scrolling\" style=\"--awb-border-radius-top-left:0px;--awb-border-radius-top-right:0px;--awb-border-radius-bottom-right:0px;--awb-border-radius-bottom-left:0px;--awb-padding-bottom:150px;--awb-flex-wrap:wrap;\" ><div class=\"fusion-builder-row fusion-row fusion-flex-align-items-flex-start fusion-flex-content-wrap\" style=\"width:104% !important;max-width:104% !important;margin-left: calc(-4% \/ 2 );margin-right: calc(-4% \/ 2 );\"><div class=\"fusion-layout-column fusion_builder_column fusion-builder-column-14 fusion_builder_column_1_1 1_1 fusion-flex-column\" style=\"--awb-bg-size:cover;--awb-width-large:100%;--awb-flex-grow:0;--awb-flex-shrink:0;--awb-margin-top-large:0px;--awb-spacing-right-large:1.92%;--awb-margin-bottom-large:20px;--awb-spacing-left-large:1.92%;--awb-width-medium:100%;--awb-order-medium:0;--awb-flex-grow-medium:0;--awb-flex-shrink-medium:0;--awb-spacing-right-medium:1.92%;--awb-spacing-left-medium:1.92%;--awb-width-small:100%;--awb-order-small:0;--awb-flex-grow-small:0;--awb-flex-shrink-small:0;--awb-spacing-right-small:1.92%;--awb-spacing-left-small:1.92%;\"><div class=\"fusion-column-wrapper fusion-column-has-shadow fusion-flex-justify-content-flex-start fusion-content-layout-column\"><div class=\"fusion-post-cards fusion-post-cards-1 awb-carousel awb-swiper awb-swiper-carousel awb-swiper-dots-position-bottom\" style=\"--awb-column-spacing:20px;--awb-dots-align:center;--awb-active-filter-border-size:3px;--awb-filters-height:36px;--awb-row-spacing:20px;\" data-autoplay=\"yes\" data-autoplayspeed=\"2500\" data-autoplaypause=\"no\" data-loop=\"yes\" data-columns=\"4\" data-columnsmedium=\"0\" data-columnssmall=\"0\" data-itemmargin=\"20\" data-itemwidth=\"180\" data-touchscroll=\"drag\" data-freemode=\"no\" data-imagesize=\"auto\" data-scrollitems=\"1\" data-mousepointer=\"default\" data-layout=\"carousel\" data-centeredslides=\"no\" data-shadow=\"no\" data-speed=\"500\" data-rotationangle=\"50\" data-depth=\"100\"><div class=\"swiper-wrapper fusion-flex-align-items-flex-start\"><div class=\"fusion_builder_column fusion-builder-column-15 fusion-flex-column fusion-column-inner-bg-wrapper post-card swiper-slide\" style=\"--awb-inner-bg-blend:overlay;--awb-inner-bg-size:cover;--awb-transform:translateY(0px);--awb-transform-hover:translateY(10px);--awb-flex-grow:0;--awb-flex-shrink:0;--awb-flex-grow-medium:0;--awb-flex-shrink-medium:0;--awb-flex-grow-small:0;--awb-flex-shrink-small:0;\" data-scroll-devices=\"small-visibility,medium-visibility,large-visibility\"><span class=\"fusion-column-inner-bg hover-type-none\"><a class=\"fusion-column-anchor\" href=\"https:\/\/www.advhome.it\/es\/dream\"><span class=\"fusion-column-inner-bg-image\"><\/span><\/a><\/span><div class=\"fusion-column-wrapper fusion-column-has-shadow fusion-flex-justify-content-flex-start fusion-content-layout-column fusion-carousel-item-wrapper\"><div class=\"fusion-classic-product-image-wrapper fusion-woo-product-image fusion-post-card-image fusion-post-card-image-1\" data-layout=\"static\" style=\"--awb-border-radius-top-left:5px;--awb-border-radius-top-right:5px;--awb-border-radius-bottom-right:5px;--awb-border-radius-bottom-left:5px;\"><div  class=\"fusion-image-wrapper\" aria-haspopup=\"true\">\n\t\t\t\t\t\t\t<a href=\"https:\/\/www.advhome.it\/es\/dream\" aria-label=\"Dream\">\n\t\t\t\t\t\t\t<img decoding=\"async\" width=\"2560\" height=\"1700\" src=\"https:\/\/www.advhome.it\/wp-content\/uploads\/room1-adv-home-booking-centro-storico-bolzano-italia-mercatini-di-natale-trentino-alto-adige-bnb-affittacemere-hotel-dove-dormire-last-minute-capodanno-vicino-museo-otzi6.jpg\" class=\"attachment-full size-full lazyload wp-post-image\" alt=\"\" srcset=\"data:image\/svg+xml,%3Csvg%20xmlns%3D%27http%3A%2F%2Fwww.w3.org%2F2000%2Fsvg%27%20width%3D%272560%27%20height%3D%271700%27%20viewBox%3D%270%200%202560%201700%27%3E%3Crect%20width%3D%272560%27%20height%3D%271700%27%20fill-opacity%3D%220%22%2F%3E%3C%2Fsvg%3E\" data-orig-src=\"https:\/\/www.advhome.it\/wp-content\/uploads\/room1-adv-home-booking-centro-storico-bolzano-italia-mercatini-di-natale-trentino-alto-adige-bnb-affittacemere-hotel-dove-dormire-last-minute-capodanno-vicino-museo-otzi6.jpg\" data-srcset=\"https:\/\/www.advhome.it\/wp-content\/uploads\/room1-adv-home-booking-centro-storico-bolzano-italia-mercatini-di-natale-trentino-alto-adige-bnb-affittacemere-hotel-dove-dormire-last-minute-capodanno-vicino-museo-otzi6-200x133.jpg 200w, https:\/\/www.advhome.it\/wp-content\/uploads\/room1-adv-home-booking-centro-storico-bolzano-italia-mercatini-di-natale-trentino-alto-adige-bnb-affittacemere-hotel-dove-dormire-last-minute-capodanno-vicino-museo-otzi6-400x266.jpg 400w, https:\/\/www.advhome.it\/wp-content\/uploads\/room1-adv-home-booking-centro-storico-bolzano-italia-mercatini-di-natale-trentino-alto-adige-bnb-affittacemere-hotel-dove-dormire-last-minute-capodanno-vicino-museo-otzi6-600x398.jpg 600w, https:\/\/www.advhome.it\/wp-content\/uploads\/room1-adv-home-booking-centro-storico-bolzano-italia-mercatini-di-natale-trentino-alto-adige-bnb-affittacemere-hotel-dove-dormire-last-minute-capodanno-vicino-museo-otzi6-800x531.jpg 800w, https:\/\/www.advhome.it\/wp-content\/uploads\/room1-adv-home-booking-centro-storico-bolzano-italia-mercatini-di-natale-trentino-alto-adige-bnb-affittacemere-hotel-dove-dormire-last-minute-capodanno-vicino-museo-otzi6-1200x797.jpg 1200w, https:\/\/www.advhome.it\/wp-content\/uploads\/room1-adv-home-booking-centro-storico-bolzano-italia-mercatini-di-natale-trentino-alto-adige-bnb-affittacemere-hotel-dove-dormire-last-minute-capodanno-vicino-museo-otzi6.jpg 2560w\" data-sizes=\"auto\" \/>\t\t\t<\/a>\n\t\t\t\t\t\t\t<\/div>\n<\/div><div class=\"fusion-title title fusion-title-1 fusion-sep-none fusion-title-center fusion-title-text fusion-title-size-five\" style=\"--awb-text-color:var(--awb-color8);--awb-margin-top:20px;--awb-margin-bottom:20px;--awb-margin-top-small:30px;--awb-font-size:17px;\"><h5 class=\"fusion-title-heading title-heading-center\" style=\"font-family:&quot;Merienda&quot;;font-style:normal;font-weight:400;margin:0;text-transform:uppercase;font-size:1em;line-height:1.5;\">Dream<\/h5><\/div><\/div><\/div>\n<div class=\"fusion_builder_column fusion-builder-column-16 fusion-flex-column fusion-column-inner-bg-wrapper post-card swiper-slide\" style=\"--awb-inner-bg-blend:overlay;--awb-inner-bg-size:cover;--awb-transform:translateY(0px);--awb-transform-hover:translateY(10px);--awb-flex-grow:0;--awb-flex-shrink:0;--awb-flex-grow-medium:0;--awb-flex-shrink-medium:0;--awb-flex-grow-small:0;--awb-flex-shrink-small:0;\" data-scroll-devices=\"small-visibility,medium-visibility,large-visibility\"><span class=\"fusion-column-inner-bg hover-type-none\"><a class=\"fusion-column-anchor\" href=\"https:\/\/www.advhome.it\/es\/enjoy\"><span class=\"fusion-column-inner-bg-image\"><\/span><\/a><\/span><div class=\"fusion-column-wrapper fusion-column-has-shadow fusion-flex-justify-content-flex-start fusion-content-layout-column fusion-carousel-item-wrapper\"><div class=\"fusion-classic-product-image-wrapper fusion-woo-product-image fusion-post-card-image fusion-post-card-image-1\" data-layout=\"static\" style=\"--awb-border-radius-top-left:5px;--awb-border-radius-top-right:5px;--awb-border-radius-bottom-right:5px;--awb-border-radius-bottom-left:5px;\"><div  class=\"fusion-image-wrapper\" aria-haspopup=\"true\">\n\t\t\t\t\t\t\t<a href=\"https:\/\/www.advhome.it\/es\/enjoy\" aria-label=\"Enjoy\">\n\t\t\t\t\t\t\t<img decoding=\"async\" width=\"2560\" height=\"1700\" src=\"https:\/\/www.advhome.it\/wp-content\/uploads\/room2-adv-home-booking-centro-storico-bolzano-italia-mercatini-di-natale-trentino-alto-adige-bnb-affittacemere-hotel-dove-dormire-last-minute-capodanno-vicino-museo-otzi7.jpg\" class=\"attachment-full size-full lazyload wp-post-image\" alt=\"\" srcset=\"data:image\/svg+xml,%3Csvg%20xmlns%3D%27http%3A%2F%2Fwww.w3.org%2F2000%2Fsvg%27%20width%3D%272560%27%20height%3D%271700%27%20viewBox%3D%270%200%202560%201700%27%3E%3Crect%20width%3D%272560%27%20height%3D%271700%27%20fill-opacity%3D%220%22%2F%3E%3C%2Fsvg%3E\" data-orig-src=\"https:\/\/www.advhome.it\/wp-content\/uploads\/room2-adv-home-booking-centro-storico-bolzano-italia-mercatini-di-natale-trentino-alto-adige-bnb-affittacemere-hotel-dove-dormire-last-minute-capodanno-vicino-museo-otzi7.jpg\" data-srcset=\"https:\/\/www.advhome.it\/wp-content\/uploads\/room2-adv-home-booking-centro-storico-bolzano-italia-mercatini-di-natale-trentino-alto-adige-bnb-affittacemere-hotel-dove-dormire-last-minute-capodanno-vicino-museo-otzi7-200x133.jpg 200w, https:\/\/www.advhome.it\/wp-content\/uploads\/room2-adv-home-booking-centro-storico-bolzano-italia-mercatini-di-natale-trentino-alto-adige-bnb-affittacemere-hotel-dove-dormire-last-minute-capodanno-vicino-museo-otzi7-400x266.jpg 400w, https:\/\/www.advhome.it\/wp-content\/uploads\/room2-adv-home-booking-centro-storico-bolzano-italia-mercatini-di-natale-trentino-alto-adige-bnb-affittacemere-hotel-dove-dormire-last-minute-capodanno-vicino-museo-otzi7-600x398.jpg 600w, https:\/\/www.advhome.it\/wp-content\/uploads\/room2-adv-home-booking-centro-storico-bolzano-italia-mercatini-di-natale-trentino-alto-adige-bnb-affittacemere-hotel-dove-dormire-last-minute-capodanno-vicino-museo-otzi7-800x531.jpg 800w, https:\/\/www.advhome.it\/wp-content\/uploads\/room2-adv-home-booking-centro-storico-bolzano-italia-mercatini-di-natale-trentino-alto-adige-bnb-affittacemere-hotel-dove-dormire-last-minute-capodanno-vicino-museo-otzi7-1200x797.jpg 1200w, https:\/\/www.advhome.it\/wp-content\/uploads\/room2-adv-home-booking-centro-storico-bolzano-italia-mercatini-di-natale-trentino-alto-adige-bnb-affittacemere-hotel-dove-dormire-last-minute-capodanno-vicino-museo-otzi7.jpg 2560w\" data-sizes=\"auto\" \/>\t\t\t<\/a>\n\t\t\t\t\t\t\t<\/div>\n<\/div><div class=\"fusion-title title fusion-title-2 fusion-sep-none fusion-title-center fusion-title-text fusion-title-size-five\" style=\"--awb-text-color:var(--awb-color8);--awb-margin-top:20px;--awb-margin-bottom:20px;--awb-margin-top-small:30px;--awb-font-size:17px;\"><h5 class=\"fusion-title-heading title-heading-center\" style=\"font-family:&quot;Merienda&quot;;font-style:normal;font-weight:400;margin:0;text-transform:uppercase;font-size:1em;line-height:1.5;\">Enjoy<\/h5><\/div><\/div><\/div>\n<div class=\"fusion_builder_column fusion-builder-column-17 fusion-flex-column fusion-column-inner-bg-wrapper post-card swiper-slide\" style=\"--awb-inner-bg-blend:overlay;--awb-inner-bg-size:cover;--awb-transform:translateY(0px);--awb-transform-hover:translateY(10px);--awb-flex-grow:0;--awb-flex-shrink:0;--awb-flex-grow-medium:0;--awb-flex-shrink-medium:0;--awb-flex-grow-small:0;--awb-flex-shrink-small:0;\" data-scroll-devices=\"small-visibility,medium-visibility,large-visibility\"><span class=\"fusion-column-inner-bg hover-type-none\"><a class=\"fusion-column-anchor\" href=\"https:\/\/www.advhome.it\/es\/relax\"><span class=\"fusion-column-inner-bg-image\"><\/span><\/a><\/span><div class=\"fusion-column-wrapper fusion-column-has-shadow fusion-flex-justify-content-flex-start fusion-content-layout-column fusion-carousel-item-wrapper\"><div class=\"fusion-classic-product-image-wrapper fusion-woo-product-image fusion-post-card-image fusion-post-card-image-1\" data-layout=\"static\" style=\"--awb-border-radius-top-left:5px;--awb-border-radius-top-right:5px;--awb-border-radius-bottom-right:5px;--awb-border-radius-bottom-left:5px;\"><div  class=\"fusion-image-wrapper\" aria-haspopup=\"true\">\n\t\t\t\t\t\t\t<a href=\"https:\/\/www.advhome.it\/es\/relax\" aria-label=\"Relax\">\n\t\t\t\t\t\t\t<img decoding=\"async\" width=\"2560\" height=\"1700\" src=\"https:\/\/www.advhome.it\/wp-content\/uploads\/room3-adv-home-booking-centro-storico-bolzano-italia-mercatini-di-natale-trentino-alto-adige-bnb-affittacemere-hotel-dove-dormire-last-minute-capodanno-vicino-museo-otzi3.jpg\" class=\"attachment-full size-full lazyload wp-post-image\" alt=\"\" srcset=\"data:image\/svg+xml,%3Csvg%20xmlns%3D%27http%3A%2F%2Fwww.w3.org%2F2000%2Fsvg%27%20width%3D%272560%27%20height%3D%271700%27%20viewBox%3D%270%200%202560%201700%27%3E%3Crect%20width%3D%272560%27%20height%3D%271700%27%20fill-opacity%3D%220%22%2F%3E%3C%2Fsvg%3E\" data-orig-src=\"https:\/\/www.advhome.it\/wp-content\/uploads\/room3-adv-home-booking-centro-storico-bolzano-italia-mercatini-di-natale-trentino-alto-adige-bnb-affittacemere-hotel-dove-dormire-last-minute-capodanno-vicino-museo-otzi3.jpg\" data-srcset=\"https:\/\/www.advhome.it\/wp-content\/uploads\/room3-adv-home-booking-centro-storico-bolzano-italia-mercatini-di-natale-trentino-alto-adige-bnb-affittacemere-hotel-dove-dormire-last-minute-capodanno-vicino-museo-otzi3-200x133.jpg 200w, https:\/\/www.advhome.it\/wp-content\/uploads\/room3-adv-home-booking-centro-storico-bolzano-italia-mercatini-di-natale-trentino-alto-adige-bnb-affittacemere-hotel-dove-dormire-last-minute-capodanno-vicino-museo-otzi3-400x266.jpg 400w, https:\/\/www.advhome.it\/wp-content\/uploads\/room3-adv-home-booking-centro-storico-bolzano-italia-mercatini-di-natale-trentino-alto-adige-bnb-affittacemere-hotel-dove-dormire-last-minute-capodanno-vicino-museo-otzi3-600x398.jpg 600w, https:\/\/www.advhome.it\/wp-content\/uploads\/room3-adv-home-booking-centro-storico-bolzano-italia-mercatini-di-natale-trentino-alto-adige-bnb-affittacemere-hotel-dove-dormire-last-minute-capodanno-vicino-museo-otzi3-800x531.jpg 800w, https:\/\/www.advhome.it\/wp-content\/uploads\/room3-adv-home-booking-centro-storico-bolzano-italia-mercatini-di-natale-trentino-alto-adige-bnb-affittacemere-hotel-dove-dormire-last-minute-capodanno-vicino-museo-otzi3-1200x797.jpg 1200w, https:\/\/www.advhome.it\/wp-content\/uploads\/room3-adv-home-booking-centro-storico-bolzano-italia-mercatini-di-natale-trentino-alto-adige-bnb-affittacemere-hotel-dove-dormire-last-minute-capodanno-vicino-museo-otzi3.jpg 2560w\" data-sizes=\"auto\" \/>\t\t\t<\/a>\n\t\t\t\t\t\t\t<\/div>\n<\/div><div class=\"fusion-title title fusion-title-3 fusion-sep-none fusion-title-center fusion-title-text fusion-title-size-five\" style=\"--awb-text-color:var(--awb-color8);--awb-margin-top:20px;--awb-margin-bottom:20px;--awb-margin-top-small:30px;--awb-font-size:17px;\"><h5 class=\"fusion-title-heading title-heading-center\" style=\"font-family:&quot;Merienda&quot;;font-style:normal;font-weight:400;margin:0;text-transform:uppercase;font-size:1em;line-height:1.5;\">Relax<\/h5><\/div><\/div><\/div>\n<div class=\"fusion_builder_column fusion-builder-column-18 fusion-flex-column fusion-column-inner-bg-wrapper post-card swiper-slide\" style=\"--awb-inner-bg-blend:overlay;--awb-inner-bg-size:cover;--awb-transform:translateY(0px);--awb-transform-hover:translateY(10px);--awb-flex-grow:0;--awb-flex-shrink:0;--awb-flex-grow-medium:0;--awb-flex-shrink-medium:0;--awb-flex-grow-small:0;--awb-flex-shrink-small:0;\" data-scroll-devices=\"small-visibility,medium-visibility,large-visibility\"><span class=\"fusion-column-inner-bg hover-type-none\"><a class=\"fusion-column-anchor\" href=\"https:\/\/www.advhome.it\/es\/rest\"><span class=\"fusion-column-inner-bg-image\"><\/span><\/a><\/span><div class=\"fusion-column-wrapper fusion-column-has-shadow fusion-flex-justify-content-flex-start fusion-content-layout-column fusion-carousel-item-wrapper\"><div class=\"fusion-classic-product-image-wrapper fusion-woo-product-image fusion-post-card-image fusion-post-card-image-1\" data-layout=\"static\" style=\"--awb-border-radius-top-left:5px;--awb-border-radius-top-right:5px;--awb-border-radius-bottom-right:5px;--awb-border-radius-bottom-left:5px;\"><div  class=\"fusion-image-wrapper\" aria-haspopup=\"true\">\n\t\t\t\t\t\t\t<a href=\"https:\/\/www.advhome.it\/es\/rest\" aria-label=\"Rest\">\n\t\t\t\t\t\t\t<img decoding=\"async\" width=\"2560\" height=\"1700\" src=\"https:\/\/www.advhome.it\/wp-content\/uploads\/room4-adv-home-booking-centro-storico-bolzano-italia-mercatini-di-natale-trentino-alto-adige-bnb-affittacemere-hotel-dove-dormire-last-minute-capodanno-vicino-museo-otzi3.jpg\" class=\"attachment-full size-full lazyload wp-post-image\" alt=\"\" srcset=\"data:image\/svg+xml,%3Csvg%20xmlns%3D%27http%3A%2F%2Fwww.w3.org%2F2000%2Fsvg%27%20width%3D%272560%27%20height%3D%271700%27%20viewBox%3D%270%200%202560%201700%27%3E%3Crect%20width%3D%272560%27%20height%3D%271700%27%20fill-opacity%3D%220%22%2F%3E%3C%2Fsvg%3E\" data-orig-src=\"https:\/\/www.advhome.it\/wp-content\/uploads\/room4-adv-home-booking-centro-storico-bolzano-italia-mercatini-di-natale-trentino-alto-adige-bnb-affittacemere-hotel-dove-dormire-last-minute-capodanno-vicino-museo-otzi3.jpg\" data-srcset=\"https:\/\/www.advhome.it\/wp-content\/uploads\/room4-adv-home-booking-centro-storico-bolzano-italia-mercatini-di-natale-trentino-alto-adige-bnb-affittacemere-hotel-dove-dormire-last-minute-capodanno-vicino-museo-otzi3-200x133.jpg 200w, https:\/\/www.advhome.it\/wp-content\/uploads\/room4-adv-home-booking-centro-storico-bolzano-italia-mercatini-di-natale-trentino-alto-adige-bnb-affittacemere-hotel-dove-dormire-last-minute-capodanno-vicino-museo-otzi3-400x266.jpg 400w, https:\/\/www.advhome.it\/wp-content\/uploads\/room4-adv-home-booking-centro-storico-bolzano-italia-mercatini-di-natale-trentino-alto-adige-bnb-affittacemere-hotel-dove-dormire-last-minute-capodanno-vicino-museo-otzi3-600x398.jpg 600w, https:\/\/www.advhome.it\/wp-content\/uploads\/room4-adv-home-booking-centro-storico-bolzano-italia-mercatini-di-natale-trentino-alto-adige-bnb-affittacemere-hotel-dove-dormire-last-minute-capodanno-vicino-museo-otzi3-800x531.jpg 800w, https:\/\/www.advhome.it\/wp-content\/uploads\/room4-adv-home-booking-centro-storico-bolzano-italia-mercatini-di-natale-trentino-alto-adige-bnb-affittacemere-hotel-dove-dormire-last-minute-capodanno-vicino-museo-otzi3-1200x797.jpg 1200w, https:\/\/www.advhome.it\/wp-content\/uploads\/room4-adv-home-booking-centro-storico-bolzano-italia-mercatini-di-natale-trentino-alto-adige-bnb-affittacemere-hotel-dove-dormire-last-minute-capodanno-vicino-museo-otzi3.jpg 2560w\" data-sizes=\"auto\" \/>\t\t\t<\/a>\n\t\t\t\t\t\t\t<\/div>\n<\/div><div class=\"fusion-title title fusion-title-4 fusion-sep-none fusion-title-center fusion-title-text fusion-title-size-five\" style=\"--awb-text-color:var(--awb-color8);--awb-margin-top:20px;--awb-margin-bottom:20px;--awb-margin-top-small:30px;--awb-font-size:17px;\"><h5 class=\"fusion-title-heading title-heading-center\" style=\"font-family:&quot;Merienda&quot;;font-style:normal;font-weight:400;margin:0;text-transform:uppercase;font-size:1em;line-height:1.5;\">Rest<\/h5><\/div><\/div><\/div>\n<div class=\"fusion_builder_column fusion-builder-column-19 fusion-flex-column fusion-column-inner-bg-wrapper post-card swiper-slide\" style=\"--awb-inner-bg-blend:overlay;--awb-inner-bg-size:cover;--awb-transform:translateY(0px);--awb-transform-hover:translateY(10px);--awb-flex-grow:0;--awb-flex-shrink:0;--awb-flex-grow-medium:0;--awb-flex-shrink-medium:0;--awb-flex-grow-small:0;--awb-flex-shrink-small:0;\" data-scroll-devices=\"small-visibility,medium-visibility,large-visibility\"><span class=\"fusion-column-inner-bg hover-type-none\"><a class=\"fusion-column-anchor\" href=\"https:\/\/www.advhome.it\/es\/stay\"><span class=\"fusion-column-inner-bg-image\"><\/span><\/a><\/span><div class=\"fusion-column-wrapper fusion-column-has-shadow fusion-flex-justify-content-flex-start fusion-content-layout-column fusion-carousel-item-wrapper\"><div class=\"fusion-classic-product-image-wrapper fusion-woo-product-image fusion-post-card-image fusion-post-card-image-1\" data-layout=\"static\" style=\"--awb-border-radius-top-left:5px;--awb-border-radius-top-right:5px;--awb-border-radius-bottom-right:5px;--awb-border-radius-bottom-left:5px;\"><div  class=\"fusion-image-wrapper\" aria-haspopup=\"true\">\n\t\t\t\t\t\t\t<a href=\"https:\/\/www.advhome.it\/es\/stay\" aria-label=\"Stay\">\n\t\t\t\t\t\t\t<img decoding=\"async\" width=\"2560\" height=\"1700\" src=\"https:\/\/www.advhome.it\/wp-content\/uploads\/room5-adv-home-booking-centro-storico-bolzano-italia-mercatini-di-natale-trentino-alto-adige-bnb-affittacemere-hotel-dove-dormire-last-minute-capodanno-vicino-museo-otzi2.jpg\" class=\"attachment-full size-full lazyload wp-post-image\" alt=\"\" srcset=\"data:image\/svg+xml,%3Csvg%20xmlns%3D%27http%3A%2F%2Fwww.w3.org%2F2000%2Fsvg%27%20width%3D%272560%27%20height%3D%271700%27%20viewBox%3D%270%200%202560%201700%27%3E%3Crect%20width%3D%272560%27%20height%3D%271700%27%20fill-opacity%3D%220%22%2F%3E%3C%2Fsvg%3E\" data-orig-src=\"https:\/\/www.advhome.it\/wp-content\/uploads\/room5-adv-home-booking-centro-storico-bolzano-italia-mercatini-di-natale-trentino-alto-adige-bnb-affittacemere-hotel-dove-dormire-last-minute-capodanno-vicino-museo-otzi2.jpg\" data-srcset=\"https:\/\/www.advhome.it\/wp-content\/uploads\/room5-adv-home-booking-centro-storico-bolzano-italia-mercatini-di-natale-trentino-alto-adige-bnb-affittacemere-hotel-dove-dormire-last-minute-capodanno-vicino-museo-otzi2-200x133.jpg 200w, https:\/\/www.advhome.it\/wp-content\/uploads\/room5-adv-home-booking-centro-storico-bolzano-italia-mercatini-di-natale-trentino-alto-adige-bnb-affittacemere-hotel-dove-dormire-last-minute-capodanno-vicino-museo-otzi2-400x266.jpg 400w, https:\/\/www.advhome.it\/wp-content\/uploads\/room5-adv-home-booking-centro-storico-bolzano-italia-mercatini-di-natale-trentino-alto-adige-bnb-affittacemere-hotel-dove-dormire-last-minute-capodanno-vicino-museo-otzi2-600x398.jpg 600w, https:\/\/www.advhome.it\/wp-content\/uploads\/room5-adv-home-booking-centro-storico-bolzano-italia-mercatini-di-natale-trentino-alto-adige-bnb-affittacemere-hotel-dove-dormire-last-minute-capodanno-vicino-museo-otzi2-800x531.jpg 800w, https:\/\/www.advhome.it\/wp-content\/uploads\/room5-adv-home-booking-centro-storico-bolzano-italia-mercatini-di-natale-trentino-alto-adige-bnb-affittacemere-hotel-dove-dormire-last-minute-capodanno-vicino-museo-otzi2-1200x797.jpg 1200w, https:\/\/www.advhome.it\/wp-content\/uploads\/room5-adv-home-booking-centro-storico-bolzano-italia-mercatini-di-natale-trentino-alto-adige-bnb-affittacemere-hotel-dove-dormire-last-minute-capodanno-vicino-museo-otzi2.jpg 2560w\" data-sizes=\"auto\" \/>\t\t\t<\/a>\n\t\t\t\t\t\t\t<\/div>\n<\/div><div class=\"fusion-title title fusion-title-5 fusion-sep-none fusion-title-center fusion-title-text fusion-title-size-five\" style=\"--awb-text-color:var(--awb-color8);--awb-margin-top:20px;--awb-margin-bottom:20px;--awb-margin-top-small:30px;--awb-font-size:17px;\"><h5 class=\"fusion-title-heading title-heading-center\" style=\"font-family:&quot;Merienda&quot;;font-style:normal;font-weight:400;margin:0;text-transform:uppercase;font-size:1em;line-height:1.5;\">Stay<\/h5><\/div><\/div><\/div>\n<\/div><div class=\"awb-swiper-button awb-swiper-button-prev\"><i class=\"awb-icon-angle-left\" aria-hidden=\"true\"><\/i><\/div><div class=\"awb-swiper-button awb-swiper-button-next\"><i class=\"awb-icon-angle-right\" aria-hidden=\"true\"><\/i><\/div><\/div><\/div><\/div><\/div><\/div><\/p>\n<\/div><\/div><div class=\"fusion-clearfix\"><\/div><\/article>\n<\/div><\/div><\/div><\/div><\/div><\/div><div class=\"fusion-fullwidth fullwidth-box fusion-builder-row-4 fusion-flex-container has-pattern-background has-mask-background art-cont-attstagioni nonhundred-percent-fullwidth non-hundred-percent-height-scrolling\" style=\"--awb-border-radius-top-left:0px;--awb-border-radius-top-right:0px;--awb-border-radius-bottom-right:0px;--awb-border-radius-bottom-left:0px;--awb-flex-wrap:wrap;\" ><div class=\"fusion-builder-row fusion-row fusion-flex-align-items-flex-start fusion-flex-content-wrap\" style=\"max-width:1352px;margin-left: calc(-4% \/ 2 );margin-right: calc(-4% \/ 2 );\"><div class=\"fusion-layout-column fusion_builder_column fusion-builder-column-20 fusion_builder_column_1_1 1_1 fusion-flex-column\" style=\"--awb-bg-size:cover;--awb-width-large:100%;--awb-flex-grow:0;--awb-flex-shrink:0;--awb-margin-top-large:0px;--awb-spacing-right-large:0px;--awb-margin-bottom-large:0px;--awb-spacing-left-large:0px;--awb-width-medium:100%;--awb-order-medium:0;--awb-flex-grow-medium:0;--awb-flex-shrink-medium:0;--awb-spacing-right-medium:0px;--awb-spacing-left-medium:0px;--awb-width-small:100%;--awb-order-small:0;--awb-flex-grow-small:0;--awb-flex-shrink-small:0;--awb-spacing-right-small:1.92%;--awb-spacing-left-small:1.92%;\" data-scroll-devices=\"small-visibility,medium-visibility,large-visibility\"><div class=\"fusion-column-wrapper fusion-column-has-shadow fusion-flex-justify-content-flex-start fusion-content-layout-column\"><div class=\"fusion-blog-shortcode fusion-blog-shortcode-2 fusion-blog-archive fusion-blog-layout-large fusion-blog-pagination fusion-blog-no-images\"><div class=\"fusion-posts-container fusion-posts-container-pagination fusion-no-meta-info\" data-pages=\"1\"><article id=\"blog-2-post-3041\" class=\"fusion-post-large post-3041 post type-post status-publish format-standard hentry category-rich-attstagioni-es\">\n<div class=\"fusion-post-content post-content\"><div class=\"fusion-post-content-container\"><div class=\"fusion-fullwidth fullwidth-box fusion-builder-row-4-1 fusion-flex-container has-pattern-background has-mask-background attivita-cont-richiami nonhundred-percent-fullwidth non-hundred-percent-height-scrolling\" style=\"--awb-border-radius-top-left:0px;--awb-border-radius-top-right:0px;--awb-border-radius-bottom-right:0px;--awb-border-radius-bottom-left:0px;--awb-flex-wrap:wrap;\" ><div class=\"fusion-builder-row fusion-row fusion-flex-align-items-flex-start fusion-flex-content-wrap\" style=\"width:104% !important;max-width:104% !important;margin-left: calc(-4% \/ 2 );margin-right: calc(-4% \/ 2 );\"><div class=\"fusion-layout-column fusion_builder_column fusion-builder-column-21 fusion_builder_column_1_1 1_1 fusion-flex-column\" style=\"--awb-bg-size:cover;--awb-width-large:100%;--awb-flex-grow:0;--awb-flex-shrink:0;--awb-margin-top-large:0px;--awb-spacing-right-large:1.92%;--awb-margin-bottom-large:20px;--awb-spacing-left-large:1.92%;--awb-width-medium:100%;--awb-order-medium:0;--awb-flex-grow-medium:0;--awb-flex-shrink-medium:0;--awb-spacing-right-medium:1.92%;--awb-spacing-left-medium:1.92%;--awb-width-small:100%;--awb-order-small:0;--awb-flex-grow-small:0;--awb-flex-shrink-small:0;--awb-spacing-right-small:1.92%;--awb-spacing-left-small:1.92%;\"><div class=\"fusion-column-wrapper fusion-column-has-shadow fusion-flex-justify-content-flex-start fusion-content-layout-column\"><div class=\"fusion-text fusion-text-25\"><h3 style=\"text-align: center;\">Bolzano en las 4 estaciones<\/h3>\n<\/div><div class=\"fusion-post-cards fusion-post-cards-2 fusion-grid-archive fusion-grid-columns-4\" style=\"--awb-column-spacing:20px;--awb-dots-align:center;--awb-filters-color:var(--awb-color6);--awb-active-filter-border-size:3px;--awb-filters-height:36px;--awb-row-spacing:20px;\"><ul class=\"fusion-grid fusion-grid-4 fusion-flex-align-items-stretch fusion-grid-posts-cards\"><li class=\"fusion-layout-column fusion_builder_column fusion-builder-column-22 fusion-flex-column fusion-column-inner-bg-wrapper post-card fusion-grid-column fusion-post-cards-grid-column\" style=\"--awb-inner-bg-blend:overlay;--awb-inner-bg-size:cover;--awb-transform:translateY(0px);--awb-transform-hover:translateY(10px);--awb-flex-grow:0;--awb-flex-shrink:0;--awb-flex-grow-medium:0;--awb-flex-shrink-medium:0;--awb-flex-grow-small:0;--awb-flex-shrink-small:0;\" data-scroll-devices=\"small-visibility,medium-visibility,large-visibility\"><span class=\"fusion-column-inner-bg hover-type-none\"><a class=\"fusion-column-anchor\" href=\"https:\/\/www.advhome.it\/es\/primavera-en-bolzano-tirol-del-sur\"><span class=\"fusion-column-inner-bg-image\"><\/span><\/a><\/span><div class=\"fusion-column-wrapper fusion-column-has-shadow fusion-flex-justify-content-flex-start fusion-content-layout-column\"><div class=\"fusion-classic-product-image-wrapper fusion-woo-product-image fusion-post-card-image fusion-post-card-image-1\" data-layout=\"static\" style=\"--awb-border-radius-top-left:5px;--awb-border-radius-top-right:5px;--awb-border-radius-bottom-right:5px;--awb-border-radius-bottom-left:5px;\"><div  class=\"fusion-image-wrapper\" aria-haspopup=\"true\">\n\t\t\t\t<img decoding=\"async\" width=\"2560\" height=\"1700\" src=\"https:\/\/www.advhome.it\/wp-content\/uploads\/primavera-adv-home-centro-storico-bolzano-italia-mercatini-di-natale-trentino-alto-adige-museo-archeologico-duomo-piazza-walther-passeggiata-vigneti-funivia-renon-dolomiti.jpg\" class=\"attachment-full size-full lazyload wp-post-image\" alt=\"\" srcset=\"data:image\/svg+xml,%3Csvg%20xmlns%3D%27http%3A%2F%2Fwww.w3.org%2F2000%2Fsvg%27%20width%3D%272560%27%20height%3D%271700%27%20viewBox%3D%270%200%202560%201700%27%3E%3Crect%20width%3D%272560%27%20height%3D%271700%27%20fill-opacity%3D%220%22%2F%3E%3C%2Fsvg%3E\" data-orig-src=\"https:\/\/www.advhome.it\/wp-content\/uploads\/primavera-adv-home-centro-storico-bolzano-italia-mercatini-di-natale-trentino-alto-adige-museo-archeologico-duomo-piazza-walther-passeggiata-vigneti-funivia-renon-dolomiti.jpg\" data-srcset=\"https:\/\/www.advhome.it\/wp-content\/uploads\/primavera-adv-home-centro-storico-bolzano-italia-mercatini-di-natale-trentino-alto-adige-museo-archeologico-duomo-piazza-walther-passeggiata-vigneti-funivia-renon-dolomiti-200x133.jpg 200w, https:\/\/www.advhome.it\/wp-content\/uploads\/primavera-adv-home-centro-storico-bolzano-italia-mercatini-di-natale-trentino-alto-adige-museo-archeologico-duomo-piazza-walther-passeggiata-vigneti-funivia-renon-dolomiti-400x266.jpg 400w, https:\/\/www.advhome.it\/wp-content\/uploads\/primavera-adv-home-centro-storico-bolzano-italia-mercatini-di-natale-trentino-alto-adige-museo-archeologico-duomo-piazza-walther-passeggiata-vigneti-funivia-renon-dolomiti-600x398.jpg 600w, https:\/\/www.advhome.it\/wp-content\/uploads\/primavera-adv-home-centro-storico-bolzano-italia-mercatini-di-natale-trentino-alto-adige-museo-archeologico-duomo-piazza-walther-passeggiata-vigneti-funivia-renon-dolomiti-800x531.jpg 800w, https:\/\/www.advhome.it\/wp-content\/uploads\/primavera-adv-home-centro-storico-bolzano-italia-mercatini-di-natale-trentino-alto-adige-museo-archeologico-duomo-piazza-walther-passeggiata-vigneti-funivia-renon-dolomiti-1200x797.jpg 1200w, https:\/\/www.advhome.it\/wp-content\/uploads\/primavera-adv-home-centro-storico-bolzano-italia-mercatini-di-natale-trentino-alto-adige-museo-archeologico-duomo-piazza-walther-passeggiata-vigneti-funivia-renon-dolomiti.jpg 2560w\" data-sizes=\"auto\" \/><\/div>\n<\/div><div class=\"fusion-title title fusion-title-6 fusion-title-center fusion-title-text fusion-title-size-five\" style=\"--awb-text-color:var(--awb-color8);--awb-margin-top:20px;--awb-margin-bottom:20px;--awb-margin-top-small:30px;--awb-font-size:17px;\"><div class=\"title-sep-container title-sep-container-left\"><div class=\"title-sep sep-single sep-solid\" style=\"border-color:#e2e2e2;\"><\/div><\/div><span class=\"awb-title-spacer\"><\/span><h5 class=\"fusion-title-heading title-heading-center\" style=\"font-family:&quot;Open Sans&quot;;font-style:normal;font-weight:400;margin:0;text-transform:uppercase;font-size:1em;line-height:1.5;\">Primavera en Bolzano &#8211; Tirol del Sur<\/h5><span class=\"awb-title-spacer\"><\/span><div class=\"title-sep-container title-sep-container-right\"><div class=\"title-sep sep-single sep-solid\" style=\"border-color:#e2e2e2;\"><\/div><\/div><\/div><\/div><\/li>\n<li class=\"fusion-layout-column fusion_builder_column fusion-builder-column-23 fusion-flex-column fusion-column-inner-bg-wrapper post-card fusion-grid-column fusion-post-cards-grid-column\" style=\"--awb-inner-bg-blend:overlay;--awb-inner-bg-size:cover;--awb-transform:translateY(0px);--awb-transform-hover:translateY(10px);--awb-flex-grow:0;--awb-flex-shrink:0;--awb-flex-grow-medium:0;--awb-flex-shrink-medium:0;--awb-flex-grow-small:0;--awb-flex-shrink-small:0;\" data-scroll-devices=\"small-visibility,medium-visibility,large-visibility\"><span class=\"fusion-column-inner-bg hover-type-none\"><a class=\"fusion-column-anchor\" href=\"https:\/\/www.advhome.it\/es\/verano-en-bolzano-tirol-del-sur\"><span class=\"fusion-column-inner-bg-image\"><\/span><\/a><\/span><div class=\"fusion-column-wrapper fusion-column-has-shadow fusion-flex-justify-content-flex-start fusion-content-layout-column\"><div class=\"fusion-classic-product-image-wrapper fusion-woo-product-image fusion-post-card-image fusion-post-card-image-1\" data-layout=\"static\" style=\"--awb-border-radius-top-left:5px;--awb-border-radius-top-right:5px;--awb-border-radius-bottom-right:5px;--awb-border-radius-bottom-left:5px;\"><div  class=\"fusion-image-wrapper\" aria-haspopup=\"true\">\n\t\t\t\t<img decoding=\"async\" width=\"2560\" height=\"1700\" src=\"https:\/\/www.advhome.it\/wp-content\/uploads\/1-estate-adv-home-centro-storico-bolzano-italia-mercatini-di-natale-trentino-alto-adige-museo-archeologico-duomo-piazza-walther-passeggiata-vigneti-funivia-renon-dolomiti2.jpg\" class=\"attachment-full size-full lazyload wp-post-image\" alt=\"\" srcset=\"data:image\/svg+xml,%3Csvg%20xmlns%3D%27http%3A%2F%2Fwww.w3.org%2F2000%2Fsvg%27%20width%3D%272560%27%20height%3D%271700%27%20viewBox%3D%270%200%202560%201700%27%3E%3Crect%20width%3D%272560%27%20height%3D%271700%27%20fill-opacity%3D%220%22%2F%3E%3C%2Fsvg%3E\" data-orig-src=\"https:\/\/www.advhome.it\/wp-content\/uploads\/1-estate-adv-home-centro-storico-bolzano-italia-mercatini-di-natale-trentino-alto-adige-museo-archeologico-duomo-piazza-walther-passeggiata-vigneti-funivia-renon-dolomiti2.jpg\" data-srcset=\"https:\/\/www.advhome.it\/wp-content\/uploads\/1-estate-adv-home-centro-storico-bolzano-italia-mercatini-di-natale-trentino-alto-adige-museo-archeologico-duomo-piazza-walther-passeggiata-vigneti-funivia-renon-dolomiti2-200x133.jpg 200w, https:\/\/www.advhome.it\/wp-content\/uploads\/1-estate-adv-home-centro-storico-bolzano-italia-mercatini-di-natale-trentino-alto-adige-museo-archeologico-duomo-piazza-walther-passeggiata-vigneti-funivia-renon-dolomiti2-400x266.jpg 400w, https:\/\/www.advhome.it\/wp-content\/uploads\/1-estate-adv-home-centro-storico-bolzano-italia-mercatini-di-natale-trentino-alto-adige-museo-archeologico-duomo-piazza-walther-passeggiata-vigneti-funivia-renon-dolomiti2-600x398.jpg 600w, https:\/\/www.advhome.it\/wp-content\/uploads\/1-estate-adv-home-centro-storico-bolzano-italia-mercatini-di-natale-trentino-alto-adige-museo-archeologico-duomo-piazza-walther-passeggiata-vigneti-funivia-renon-dolomiti2-800x531.jpg 800w, https:\/\/www.advhome.it\/wp-content\/uploads\/1-estate-adv-home-centro-storico-bolzano-italia-mercatini-di-natale-trentino-alto-adige-museo-archeologico-duomo-piazza-walther-passeggiata-vigneti-funivia-renon-dolomiti2-1200x797.jpg 1200w, https:\/\/www.advhome.it\/wp-content\/uploads\/1-estate-adv-home-centro-storico-bolzano-italia-mercatini-di-natale-trentino-alto-adige-museo-archeologico-duomo-piazza-walther-passeggiata-vigneti-funivia-renon-dolomiti2.jpg 2560w\" data-sizes=\"auto\" \/><\/div>\n<\/div><div class=\"fusion-title title fusion-title-7 fusion-title-center fusion-title-text fusion-title-size-five\" style=\"--awb-text-color:var(--awb-color8);--awb-margin-top:20px;--awb-margin-bottom:20px;--awb-margin-top-small:30px;--awb-font-size:17px;\"><div class=\"title-sep-container title-sep-container-left\"><div class=\"title-sep sep-single sep-solid\" style=\"border-color:#e2e2e2;\"><\/div><\/div><span class=\"awb-title-spacer\"><\/span><h5 class=\"fusion-title-heading title-heading-center\" style=\"font-family:&quot;Open Sans&quot;;font-style:normal;font-weight:400;margin:0;text-transform:uppercase;font-size:1em;line-height:1.5;\">Verano en Bolzano &#8211; Tirol del Sur<\/h5><span class=\"awb-title-spacer\"><\/span><div class=\"title-sep-container title-sep-container-right\"><div class=\"title-sep sep-single sep-solid\" style=\"border-color:#e2e2e2;\"><\/div><\/div><\/div><\/div><\/li>\n<li class=\"fusion-layout-column fusion_builder_column fusion-builder-column-24 fusion-flex-column fusion-column-inner-bg-wrapper post-card fusion-grid-column fusion-post-cards-grid-column\" style=\"--awb-inner-bg-blend:overlay;--awb-inner-bg-size:cover;--awb-transform:translateY(0px);--awb-transform-hover:translateY(10px);--awb-flex-grow:0;--awb-flex-shrink:0;--awb-flex-grow-medium:0;--awb-flex-shrink-medium:0;--awb-flex-grow-small:0;--awb-flex-shrink-small:0;\" data-scroll-devices=\"small-visibility,medium-visibility,large-visibility\"><span class=\"fusion-column-inner-bg hover-type-none\"><a class=\"fusion-column-anchor\" href=\"https:\/\/www.advhome.it\/es\/otono-en-bolzano-tirol-del-sur\"><span class=\"fusion-column-inner-bg-image\"><\/span><\/a><\/span><div class=\"fusion-column-wrapper fusion-column-has-shadow fusion-flex-justify-content-flex-start fusion-content-layout-column\"><div class=\"fusion-classic-product-image-wrapper fusion-woo-product-image fusion-post-card-image fusion-post-card-image-1\" data-layout=\"static\" style=\"--awb-border-radius-top-left:5px;--awb-border-radius-top-right:5px;--awb-border-radius-bottom-right:5px;--awb-border-radius-bottom-left:5px;\"><div  class=\"fusion-image-wrapper\" aria-haspopup=\"true\">\n\t\t\t\t<img decoding=\"async\" width=\"2560\" height=\"1700\" src=\"https:\/\/www.advhome.it\/wp-content\/uploads\/autunno-adv-home-centro-storico-bolzano-italia-booking-trentino-alto-adige-museo-archeologico-duomo-piazza-walther-passeggiata-vigneti-funivia-renon-dolomiti.jpg\" class=\"attachment-full size-full lazyload wp-post-image\" alt=\"\" srcset=\"data:image\/svg+xml,%3Csvg%20xmlns%3D%27http%3A%2F%2Fwww.w3.org%2F2000%2Fsvg%27%20width%3D%272560%27%20height%3D%271700%27%20viewBox%3D%270%200%202560%201700%27%3E%3Crect%20width%3D%272560%27%20height%3D%271700%27%20fill-opacity%3D%220%22%2F%3E%3C%2Fsvg%3E\" data-orig-src=\"https:\/\/www.advhome.it\/wp-content\/uploads\/autunno-adv-home-centro-storico-bolzano-italia-booking-trentino-alto-adige-museo-archeologico-duomo-piazza-walther-passeggiata-vigneti-funivia-renon-dolomiti.jpg\" data-srcset=\"https:\/\/www.advhome.it\/wp-content\/uploads\/autunno-adv-home-centro-storico-bolzano-italia-booking-trentino-alto-adige-museo-archeologico-duomo-piazza-walther-passeggiata-vigneti-funivia-renon-dolomiti-200x133.jpg 200w, https:\/\/www.advhome.it\/wp-content\/uploads\/autunno-adv-home-centro-storico-bolzano-italia-booking-trentino-alto-adige-museo-archeologico-duomo-piazza-walther-passeggiata-vigneti-funivia-renon-dolomiti-400x266.jpg 400w, https:\/\/www.advhome.it\/wp-content\/uploads\/autunno-adv-home-centro-storico-bolzano-italia-booking-trentino-alto-adige-museo-archeologico-duomo-piazza-walther-passeggiata-vigneti-funivia-renon-dolomiti-600x398.jpg 600w, https:\/\/www.advhome.it\/wp-content\/uploads\/autunno-adv-home-centro-storico-bolzano-italia-booking-trentino-alto-adige-museo-archeologico-duomo-piazza-walther-passeggiata-vigneti-funivia-renon-dolomiti-800x531.jpg 800w, https:\/\/www.advhome.it\/wp-content\/uploads\/autunno-adv-home-centro-storico-bolzano-italia-booking-trentino-alto-adige-museo-archeologico-duomo-piazza-walther-passeggiata-vigneti-funivia-renon-dolomiti-1200x797.jpg 1200w, https:\/\/www.advhome.it\/wp-content\/uploads\/autunno-adv-home-centro-storico-bolzano-italia-booking-trentino-alto-adige-museo-archeologico-duomo-piazza-walther-passeggiata-vigneti-funivia-renon-dolomiti.jpg 2560w\" data-sizes=\"auto\" \/><\/div>\n<\/div><div class=\"fusion-title title fusion-title-8 fusion-title-center fusion-title-text fusion-title-size-five\" style=\"--awb-text-color:var(--awb-color8);--awb-margin-top:20px;--awb-margin-bottom:20px;--awb-margin-top-small:30px;--awb-font-size:17px;\"><div class=\"title-sep-container title-sep-container-left\"><div class=\"title-sep sep-single sep-solid\" style=\"border-color:#e2e2e2;\"><\/div><\/div><span class=\"awb-title-spacer\"><\/span><h5 class=\"fusion-title-heading title-heading-center\" style=\"font-family:&quot;Open Sans&quot;;font-style:normal;font-weight:400;margin:0;text-transform:uppercase;font-size:1em;line-height:1.5;\">Oto\u00f1o en Bolzano &#8211; Tirol del Sur<\/h5><span class=\"awb-title-spacer\"><\/span><div class=\"title-sep-container title-sep-container-right\"><div class=\"title-sep sep-single sep-solid\" style=\"border-color:#e2e2e2;\"><\/div><\/div><\/div><\/div><\/li>\n<li class=\"fusion-layout-column fusion_builder_column fusion-builder-column-25 fusion-flex-column fusion-column-inner-bg-wrapper post-card fusion-grid-column fusion-post-cards-grid-column\" style=\"--awb-inner-bg-blend:overlay;--awb-inner-bg-size:cover;--awb-transform:translateY(0px);--awb-transform-hover:translateY(10px);--awb-flex-grow:0;--awb-flex-shrink:0;--awb-flex-grow-medium:0;--awb-flex-shrink-medium:0;--awb-flex-grow-small:0;--awb-flex-shrink-small:0;\" data-scroll-devices=\"small-visibility,medium-visibility,large-visibility\"><span class=\"fusion-column-inner-bg hover-type-none\"><a class=\"fusion-column-anchor\" href=\"https:\/\/www.advhome.it\/es\/invierno-bolzano-alto-adige\"><span class=\"fusion-column-inner-bg-image\"><\/span><\/a><\/span><div class=\"fusion-column-wrapper fusion-column-has-shadow fusion-flex-justify-content-flex-start fusion-content-layout-column\"><div class=\"fusion-classic-product-image-wrapper fusion-woo-product-image fusion-post-card-image fusion-post-card-image-1\" data-layout=\"static\" style=\"--awb-border-radius-top-left:5px;--awb-border-radius-top-right:5px;--awb-border-radius-bottom-right:5px;--awb-border-radius-bottom-left:5px;\"><div  class=\"fusion-image-wrapper\" aria-haspopup=\"true\">\n\t\t\t\t<img decoding=\"async\" width=\"2560\" height=\"1700\" src=\"https:\/\/www.advhome.it\/wp-content\/uploads\/inverno-adv-home-centro-storico-bolzano-italia-mercatini-di-natale-trentino-alto-adige-museo-archeologico-duomo-piazza-walther-passeggiata-vigneti-funivia-renon-dolomiti2.jpg\" class=\"attachment-full size-full lazyload wp-post-image\" alt=\"\" srcset=\"data:image\/svg+xml,%3Csvg%20xmlns%3D%27http%3A%2F%2Fwww.w3.org%2F2000%2Fsvg%27%20width%3D%272560%27%20height%3D%271700%27%20viewBox%3D%270%200%202560%201700%27%3E%3Crect%20width%3D%272560%27%20height%3D%271700%27%20fill-opacity%3D%220%22%2F%3E%3C%2Fsvg%3E\" data-orig-src=\"https:\/\/www.advhome.it\/wp-content\/uploads\/inverno-adv-home-centro-storico-bolzano-italia-mercatini-di-natale-trentino-alto-adige-museo-archeologico-duomo-piazza-walther-passeggiata-vigneti-funivia-renon-dolomiti2.jpg\" data-srcset=\"https:\/\/www.advhome.it\/wp-content\/uploads\/inverno-adv-home-centro-storico-bolzano-italia-mercatini-di-natale-trentino-alto-adige-museo-archeologico-duomo-piazza-walther-passeggiata-vigneti-funivia-renon-dolomiti2-200x133.jpg 200w, https:\/\/www.advhome.it\/wp-content\/uploads\/inverno-adv-home-centro-storico-bolzano-italia-mercatini-di-natale-trentino-alto-adige-museo-archeologico-duomo-piazza-walther-passeggiata-vigneti-funivia-renon-dolomiti2-400x266.jpg 400w, https:\/\/www.advhome.it\/wp-content\/uploads\/inverno-adv-home-centro-storico-bolzano-italia-mercatini-di-natale-trentino-alto-adige-museo-archeologico-duomo-piazza-walther-passeggiata-vigneti-funivia-renon-dolomiti2-600x398.jpg 600w, https:\/\/www.advhome.it\/wp-content\/uploads\/inverno-adv-home-centro-storico-bolzano-italia-mercatini-di-natale-trentino-alto-adige-museo-archeologico-duomo-piazza-walther-passeggiata-vigneti-funivia-renon-dolomiti2-800x531.jpg 800w, https:\/\/www.advhome.it\/wp-content\/uploads\/inverno-adv-home-centro-storico-bolzano-italia-mercatini-di-natale-trentino-alto-adige-museo-archeologico-duomo-piazza-walther-passeggiata-vigneti-funivia-renon-dolomiti2-1200x797.jpg 1200w, https:\/\/www.advhome.it\/wp-content\/uploads\/inverno-adv-home-centro-storico-bolzano-italia-mercatini-di-natale-trentino-alto-adige-museo-archeologico-duomo-piazza-walther-passeggiata-vigneti-funivia-renon-dolomiti2.jpg 2560w\" data-sizes=\"auto\" \/><\/div>\n<\/div><div class=\"fusion-title title fusion-title-9 fusion-title-center fusion-title-text fusion-title-size-five\" style=\"--awb-text-color:var(--awb-color8);--awb-margin-top:20px;--awb-margin-bottom:20px;--awb-margin-top-small:30px;--awb-font-size:17px;\"><div class=\"title-sep-container title-sep-container-left\"><div class=\"title-sep sep-single sep-solid\" style=\"border-color:#e2e2e2;\"><\/div><\/div><span class=\"awb-title-spacer\"><\/span><h5 class=\"fusion-title-heading title-heading-center\" style=\"font-family:&quot;Open Sans&quot;;font-style:normal;font-weight:400;margin:0;text-transform:uppercase;font-size:1em;line-height:1.5;\">Invierno Bolzano &#8211; Alto Adige<\/h5><span class=\"awb-title-spacer\"><\/span><div class=\"title-sep-container title-sep-container-right\"><div class=\"title-sep sep-single sep-solid\" style=\"border-color:#e2e2e2;\"><\/div><\/div><\/div><\/div><\/li>\n<\/ul><\/div><\/div><\/div><div class=\"fusion-layout-column fusion_builder_column fusion-builder-column-26 fusion_builder_column_1_1 1_1 fusion-flex-column\" style=\"--awb-bg-size:cover;--awb-width-large:100%;--awb-flex-grow:0;--awb-flex-shrink:0;--awb-margin-top-large:0px;--awb-spacing-right-large:1.92%;--awb-margin-bottom-large:20px;--awb-spacing-left-large:1.92%;--awb-width-medium:100%;--awb-order-medium:0;--awb-flex-grow-medium:0;--awb-flex-shrink-medium:0;--awb-spacing-right-medium:1.92%;--awb-spacing-left-medium:1.92%;--awb-width-small:100%;--awb-order-small:0;--awb-flex-grow-small:0;--awb-flex-shrink-small:0;--awb-spacing-right-small:1.92%;--awb-spacing-left-small:1.92%;\"><div class=\"fusion-column-wrapper fusion-column-has-shadow fusion-flex-justify-content-flex-start fusion-content-layout-column\"><div class=\"fusion-text fusion-text-26\"><h3 style=\"text-align: center;\">Visitar Alto Adige<\/h3>\n<\/div><div class=\"fusion-post-cards fusion-post-cards-3 fusion-grid-archive fusion-grid-columns-3\" style=\"--awb-arrow-bgcolor:rgba(153,153,153,0);--awb-arrow-color:var(--awb-color6);--awb-column-spacing:20px;--awb-dots-align:center;--awb-columns:3;--awb-filters-color:var(--awb-color6);--awb-active-filter-border-size:3px;--awb-filters-height:36px;--awb-row-spacing:20px;\"><ul class=\"fusion-grid fusion-grid-3 fusion-flex-align-items-stretch fusion-grid-posts-cards\"><li class=\"fusion-layout-column fusion_builder_column fusion-builder-column-27 fusion-flex-column fusion-column-inner-bg-wrapper post-card fusion-grid-column fusion-post-cards-grid-column\" style=\"--awb-inner-bg-blend:overlay;--awb-inner-bg-size:cover;--awb-transform:translateY(0px);--awb-transform-hover:translateY(10px);--awb-flex-grow:0;--awb-flex-shrink:0;--awb-flex-grow-medium:0;--awb-flex-shrink-medium:0;--awb-flex-grow-small:0;--awb-flex-shrink-small:0;\" data-scroll-devices=\"small-visibility,medium-visibility,large-visibility\"><span class=\"fusion-column-inner-bg hover-type-none\"><a class=\"fusion-column-anchor\" href=\"https:\/\/www.advhome.it\/es\/el-centro-historico-de-bolzano-tirol-del-sur\"><span class=\"fusion-column-inner-bg-image\"><\/span><\/a><\/span><div class=\"fusion-column-wrapper fusion-column-has-shadow fusion-flex-justify-content-flex-start fusion-content-layout-column\"><div class=\"fusion-classic-product-image-wrapper fusion-woo-product-image fusion-post-card-image fusion-post-card-image-1\" data-layout=\"static\" style=\"--awb-border-radius-top-left:5px;--awb-border-radius-top-right:5px;--awb-border-radius-bottom-right:5px;--awb-border-radius-bottom-left:5px;\"><div  class=\"fusion-image-wrapper\" aria-haspopup=\"true\">\n\t\t\t\t<img decoding=\"async\" width=\"2560\" height=\"1700\" src=\"https:\/\/www.advhome.it\/wp-content\/uploads\/centro-storico-adv-home-bolzano-italia-mercatini-di-natale-trentino-alto-adige-museo-archeologico-duomo-piazza-walther-passeggiata-vigneti-funivia-renon-dolomiti.jpg\" class=\"attachment-full size-full lazyload wp-post-image\" alt=\"\" srcset=\"data:image\/svg+xml,%3Csvg%20xmlns%3D%27http%3A%2F%2Fwww.w3.org%2F2000%2Fsvg%27%20width%3D%272560%27%20height%3D%271700%27%20viewBox%3D%270%200%202560%201700%27%3E%3Crect%20width%3D%272560%27%20height%3D%271700%27%20fill-opacity%3D%220%22%2F%3E%3C%2Fsvg%3E\" data-orig-src=\"https:\/\/www.advhome.it\/wp-content\/uploads\/centro-storico-adv-home-bolzano-italia-mercatini-di-natale-trentino-alto-adige-museo-archeologico-duomo-piazza-walther-passeggiata-vigneti-funivia-renon-dolomiti.jpg\" data-srcset=\"https:\/\/www.advhome.it\/wp-content\/uploads\/centro-storico-adv-home-bolzano-italia-mercatini-di-natale-trentino-alto-adige-museo-archeologico-duomo-piazza-walther-passeggiata-vigneti-funivia-renon-dolomiti-200x133.jpg 200w, https:\/\/www.advhome.it\/wp-content\/uploads\/centro-storico-adv-home-bolzano-italia-mercatini-di-natale-trentino-alto-adige-museo-archeologico-duomo-piazza-walther-passeggiata-vigneti-funivia-renon-dolomiti-400x266.jpg 400w, https:\/\/www.advhome.it\/wp-content\/uploads\/centro-storico-adv-home-bolzano-italia-mercatini-di-natale-trentino-alto-adige-museo-archeologico-duomo-piazza-walther-passeggiata-vigneti-funivia-renon-dolomiti-600x398.jpg 600w, https:\/\/www.advhome.it\/wp-content\/uploads\/centro-storico-adv-home-bolzano-italia-mercatini-di-natale-trentino-alto-adige-museo-archeologico-duomo-piazza-walther-passeggiata-vigneti-funivia-renon-dolomiti-800x531.jpg 800w, https:\/\/www.advhome.it\/wp-content\/uploads\/centro-storico-adv-home-bolzano-italia-mercatini-di-natale-trentino-alto-adige-museo-archeologico-duomo-piazza-walther-passeggiata-vigneti-funivia-renon-dolomiti-1200x797.jpg 1200w, https:\/\/www.advhome.it\/wp-content\/uploads\/centro-storico-adv-home-bolzano-italia-mercatini-di-natale-trentino-alto-adige-museo-archeologico-duomo-piazza-walther-passeggiata-vigneti-funivia-renon-dolomiti.jpg 2560w\" data-sizes=\"auto\" \/><\/div>\n<\/div><div class=\"fusion-title title fusion-title-10 fusion-title-center fusion-title-text fusion-title-size-five\" style=\"--awb-text-color:var(--awb-color8);--awb-margin-top:20px;--awb-margin-bottom:20px;--awb-margin-top-small:30px;--awb-font-size:17px;\"><div class=\"title-sep-container title-sep-container-left\"><div class=\"title-sep sep-single sep-solid\" style=\"border-color:#e2e2e2;\"><\/div><\/div><span class=\"awb-title-spacer\"><\/span><h5 class=\"fusion-title-heading title-heading-center\" style=\"font-family:&quot;Open Sans&quot;;font-style:normal;font-weight:400;margin:0;text-transform:uppercase;font-size:1em;line-height:1.5;\">El centro hist\u00f3rico de Bolzano &#8211; Tirol del Sur<\/h5><span class=\"awb-title-spacer\"><\/span><div class=\"title-sep-container title-sep-container-right\"><div class=\"title-sep sep-single sep-solid\" style=\"border-color:#e2e2e2;\"><\/div><\/div><\/div><\/div><\/li>\n<li class=\"fusion-layout-column fusion_builder_column fusion-builder-column-28 fusion-flex-column fusion-column-inner-bg-wrapper post-card fusion-grid-column fusion-post-cards-grid-column\" style=\"--awb-inner-bg-blend:overlay;--awb-inner-bg-size:cover;--awb-transform:translateY(0px);--awb-transform-hover:translateY(10px);--awb-flex-grow:0;--awb-flex-shrink:0;--awb-flex-grow-medium:0;--awb-flex-shrink-medium:0;--awb-flex-grow-small:0;--awb-flex-shrink-small:0;\" data-scroll-devices=\"small-visibility,medium-visibility,large-visibility\"><span class=\"fusion-column-inner-bg hover-type-none\"><a class=\"fusion-column-anchor\" href=\"https:\/\/www.advhome.it\/es\/colle-renon-y-san-genesio-tirol-del-sur\"><span class=\"fusion-column-inner-bg-image\"><\/span><\/a><\/span><div class=\"fusion-column-wrapper fusion-column-has-shadow fusion-flex-justify-content-flex-start fusion-content-layout-column\"><div class=\"fusion-classic-product-image-wrapper fusion-woo-product-image fusion-post-card-image fusion-post-card-image-1\" data-layout=\"static\" style=\"--awb-border-radius-top-left:5px;--awb-border-radius-top-right:5px;--awb-border-radius-bottom-right:5px;--awb-border-radius-bottom-left:5px;\"><div  class=\"fusion-image-wrapper\" aria-haspopup=\"true\">\n\t\t\t\t<img decoding=\"async\" width=\"2560\" height=\"1700\" src=\"https:\/\/www.advhome.it\/wp-content\/uploads\/funivie-colle-renon-san-genesio-adv-home-bolzano-italia-trentino-alto-adige-museo-archeologico-duomo-piazza-walther-passeggiata-vigneti-funivia-renon-dolomiti.jpg\" class=\"attachment-full size-full lazyload wp-post-image\" alt=\"\" srcset=\"data:image\/svg+xml,%3Csvg%20xmlns%3D%27http%3A%2F%2Fwww.w3.org%2F2000%2Fsvg%27%20width%3D%272560%27%20height%3D%271700%27%20viewBox%3D%270%200%202560%201700%27%3E%3Crect%20width%3D%272560%27%20height%3D%271700%27%20fill-opacity%3D%220%22%2F%3E%3C%2Fsvg%3E\" data-orig-src=\"https:\/\/www.advhome.it\/wp-content\/uploads\/funivie-colle-renon-san-genesio-adv-home-bolzano-italia-trentino-alto-adige-museo-archeologico-duomo-piazza-walther-passeggiata-vigneti-funivia-renon-dolomiti.jpg\" data-srcset=\"https:\/\/www.advhome.it\/wp-content\/uploads\/funivie-colle-renon-san-genesio-adv-home-bolzano-italia-trentino-alto-adige-museo-archeologico-duomo-piazza-walther-passeggiata-vigneti-funivia-renon-dolomiti-200x133.jpg 200w, https:\/\/www.advhome.it\/wp-content\/uploads\/funivie-colle-renon-san-genesio-adv-home-bolzano-italia-trentino-alto-adige-museo-archeologico-duomo-piazza-walther-passeggiata-vigneti-funivia-renon-dolomiti-400x266.jpg 400w, https:\/\/www.advhome.it\/wp-content\/uploads\/funivie-colle-renon-san-genesio-adv-home-bolzano-italia-trentino-alto-adige-museo-archeologico-duomo-piazza-walther-passeggiata-vigneti-funivia-renon-dolomiti-600x398.jpg 600w, https:\/\/www.advhome.it\/wp-content\/uploads\/funivie-colle-renon-san-genesio-adv-home-bolzano-italia-trentino-alto-adige-museo-archeologico-duomo-piazza-walther-passeggiata-vigneti-funivia-renon-dolomiti-800x531.jpg 800w, https:\/\/www.advhome.it\/wp-content\/uploads\/funivie-colle-renon-san-genesio-adv-home-bolzano-italia-trentino-alto-adige-museo-archeologico-duomo-piazza-walther-passeggiata-vigneti-funivia-renon-dolomiti-1200x797.jpg 1200w, https:\/\/www.advhome.it\/wp-content\/uploads\/funivie-colle-renon-san-genesio-adv-home-bolzano-italia-trentino-alto-adige-museo-archeologico-duomo-piazza-walther-passeggiata-vigneti-funivia-renon-dolomiti.jpg 2560w\" data-sizes=\"auto\" \/><\/div>\n<\/div><div class=\"fusion-title title fusion-title-11 fusion-title-center fusion-title-text fusion-title-size-five\" style=\"--awb-text-color:var(--awb-color8);--awb-margin-top:20px;--awb-margin-bottom:20px;--awb-margin-top-small:30px;--awb-font-size:17px;\"><div class=\"title-sep-container title-sep-container-left\"><div class=\"title-sep sep-single sep-solid\" style=\"border-color:#e2e2e2;\"><\/div><\/div><span class=\"awb-title-spacer\"><\/span><h5 class=\"fusion-title-heading title-heading-center\" style=\"font-family:&quot;Open Sans&quot;;font-style:normal;font-weight:400;margin:0;text-transform:uppercase;font-size:1em;line-height:1.5;\">Colle, Renon y San Genesio &#8211; Tirol del Sur<\/h5><span class=\"awb-title-spacer\"><\/span><div class=\"title-sep-container title-sep-container-right\"><div class=\"title-sep sep-single sep-solid\" style=\"border-color:#e2e2e2;\"><\/div><\/div><\/div><\/div><\/li>\n<li class=\"fusion-layout-column fusion_builder_column fusion-builder-column-29 fusion-flex-column fusion-column-inner-bg-wrapper post-card fusion-grid-column fusion-post-cards-grid-column\" style=\"--awb-inner-bg-blend:overlay;--awb-inner-bg-size:cover;--awb-transform:translateY(0px);--awb-transform-hover:translateY(10px);--awb-flex-grow:0;--awb-flex-shrink:0;--awb-flex-grow-medium:0;--awb-flex-shrink-medium:0;--awb-flex-grow-small:0;--awb-flex-shrink-small:0;\" data-scroll-devices=\"small-visibility,medium-visibility,large-visibility\"><span class=\"fusion-column-inner-bg hover-type-none\"><a class=\"fusion-column-anchor\" href=\"https:\/\/www.advhome.it\/es\/lagos-tirol-del-sur\"><span class=\"fusion-column-inner-bg-image\"><\/span><\/a><\/span><div class=\"fusion-column-wrapper fusion-column-has-shadow fusion-flex-justify-content-flex-start fusion-content-layout-column\"><div class=\"fusion-classic-product-image-wrapper fusion-woo-product-image fusion-post-card-image fusion-post-card-image-1\" data-layout=\"static\" style=\"--awb-border-radius-top-left:5px;--awb-border-radius-top-right:5px;--awb-border-radius-bottom-right:5px;--awb-border-radius-bottom-left:5px;\"><div  class=\"fusion-image-wrapper\" aria-haspopup=\"true\">\n\t\t\t\t<img decoding=\"async\" width=\"2560\" height=\"1700\" src=\"https:\/\/www.advhome.it\/wp-content\/uploads\/laghi-adv-home-centro-storico-bolzano-italia-mercatini-di-natale-trentino-alto-adige-museo-archeologico-duomo-piazza-walther-passeggiata-vigneti-funivia-renon-dolomiti3.jpg\" class=\"attachment-full size-full lazyload wp-post-image\" alt=\"\" srcset=\"data:image\/svg+xml,%3Csvg%20xmlns%3D%27http%3A%2F%2Fwww.w3.org%2F2000%2Fsvg%27%20width%3D%272560%27%20height%3D%271700%27%20viewBox%3D%270%200%202560%201700%27%3E%3Crect%20width%3D%272560%27%20height%3D%271700%27%20fill-opacity%3D%220%22%2F%3E%3C%2Fsvg%3E\" data-orig-src=\"https:\/\/www.advhome.it\/wp-content\/uploads\/laghi-adv-home-centro-storico-bolzano-italia-mercatini-di-natale-trentino-alto-adige-museo-archeologico-duomo-piazza-walther-passeggiata-vigneti-funivia-renon-dolomiti3.jpg\" data-srcset=\"https:\/\/www.advhome.it\/wp-content\/uploads\/laghi-adv-home-centro-storico-bolzano-italia-mercatini-di-natale-trentino-alto-adige-museo-archeologico-duomo-piazza-walther-passeggiata-vigneti-funivia-renon-dolomiti3-200x133.jpg 200w, https:\/\/www.advhome.it\/wp-content\/uploads\/laghi-adv-home-centro-storico-bolzano-italia-mercatini-di-natale-trentino-alto-adige-museo-archeologico-duomo-piazza-walther-passeggiata-vigneti-funivia-renon-dolomiti3-400x266.jpg 400w, https:\/\/www.advhome.it\/wp-content\/uploads\/laghi-adv-home-centro-storico-bolzano-italia-mercatini-di-natale-trentino-alto-adige-museo-archeologico-duomo-piazza-walther-passeggiata-vigneti-funivia-renon-dolomiti3-600x398.jpg 600w, https:\/\/www.advhome.it\/wp-content\/uploads\/laghi-adv-home-centro-storico-bolzano-italia-mercatini-di-natale-trentino-alto-adige-museo-archeologico-duomo-piazza-walther-passeggiata-vigneti-funivia-renon-dolomiti3-800x531.jpg 800w, https:\/\/www.advhome.it\/wp-content\/uploads\/laghi-adv-home-centro-storico-bolzano-italia-mercatini-di-natale-trentino-alto-adige-museo-archeologico-duomo-piazza-walther-passeggiata-vigneti-funivia-renon-dolomiti3-1200x797.jpg 1200w, https:\/\/www.advhome.it\/wp-content\/uploads\/laghi-adv-home-centro-storico-bolzano-italia-mercatini-di-natale-trentino-alto-adige-museo-archeologico-duomo-piazza-walther-passeggiata-vigneti-funivia-renon-dolomiti3.jpg 2560w\" data-sizes=\"auto\" \/><\/div>\n<\/div><div class=\"fusion-title title fusion-title-12 fusion-title-center fusion-title-text fusion-title-size-five\" style=\"--awb-text-color:var(--awb-color8);--awb-margin-top:20px;--awb-margin-bottom:20px;--awb-margin-top-small:30px;--awb-font-size:17px;\"><div class=\"title-sep-container title-sep-container-left\"><div class=\"title-sep sep-single sep-solid\" style=\"border-color:#e2e2e2;\"><\/div><\/div><span class=\"awb-title-spacer\"><\/span><h5 class=\"fusion-title-heading title-heading-center\" style=\"font-family:&quot;Open Sans&quot;;font-style:normal;font-weight:400;margin:0;text-transform:uppercase;font-size:1em;line-height:1.5;\">Lagos &#8211; Tirol del Sur<\/h5><span class=\"awb-title-spacer\"><\/span><div class=\"title-sep-container title-sep-container-right\"><div class=\"title-sep sep-single sep-solid\" style=\"border-color:#e2e2e2;\"><\/div><\/div><\/div><\/div><\/li>\n<li class=\"fusion-layout-column fusion_builder_column fusion-builder-column-30 fusion-flex-column fusion-column-inner-bg-wrapper post-card fusion-grid-column fusion-post-cards-grid-column\" style=\"--awb-inner-bg-blend:overlay;--awb-inner-bg-size:cover;--awb-transform:translateY(0px);--awb-transform-hover:translateY(10px);--awb-flex-grow:0;--awb-flex-shrink:0;--awb-flex-grow-medium:0;--awb-flex-shrink-medium:0;--awb-flex-grow-small:0;--awb-flex-shrink-small:0;\" data-scroll-devices=\"small-visibility,medium-visibility,large-visibility\"><span class=\"fusion-column-inner-bg hover-type-none\"><a class=\"fusion-column-anchor\" href=\"https:\/\/www.advhome.it\/es\/museos-bolzano-tirol-del-sur\"><span class=\"fusion-column-inner-bg-image\"><\/span><\/a><\/span><div class=\"fusion-column-wrapper fusion-column-has-shadow fusion-flex-justify-content-flex-start fusion-content-layout-column\"><div class=\"fusion-classic-product-image-wrapper fusion-woo-product-image fusion-post-card-image fusion-post-card-image-1\" data-layout=\"static\" style=\"--awb-border-radius-top-left:5px;--awb-border-radius-top-right:5px;--awb-border-radius-bottom-right:5px;--awb-border-radius-bottom-left:5px;\"><div  class=\"fusion-image-wrapper\" aria-haspopup=\"true\">\n\t\t\t\t<img decoding=\"async\" width=\"2560\" height=\"1700\" src=\"https:\/\/www.advhome.it\/wp-content\/uploads\/museo-adv-home-centro-storico-bolzano-italia-mercatini-di-natale-trentino-alto-adige-museo-archeologico-duomo-piazza-walther-passeggiata-vigneti-funivia-renon-dolomiti2.jpg\" class=\"attachment-full size-full lazyload wp-post-image\" alt=\"\" srcset=\"data:image\/svg+xml,%3Csvg%20xmlns%3D%27http%3A%2F%2Fwww.w3.org%2F2000%2Fsvg%27%20width%3D%272560%27%20height%3D%271700%27%20viewBox%3D%270%200%202560%201700%27%3E%3Crect%20width%3D%272560%27%20height%3D%271700%27%20fill-opacity%3D%220%22%2F%3E%3C%2Fsvg%3E\" data-orig-src=\"https:\/\/www.advhome.it\/wp-content\/uploads\/museo-adv-home-centro-storico-bolzano-italia-mercatini-di-natale-trentino-alto-adige-museo-archeologico-duomo-piazza-walther-passeggiata-vigneti-funivia-renon-dolomiti2.jpg\" data-srcset=\"https:\/\/www.advhome.it\/wp-content\/uploads\/museo-adv-home-centro-storico-bolzano-italia-mercatini-di-natale-trentino-alto-adige-museo-archeologico-duomo-piazza-walther-passeggiata-vigneti-funivia-renon-dolomiti2-200x133.jpg 200w, https:\/\/www.advhome.it\/wp-content\/uploads\/museo-adv-home-centro-storico-bolzano-italia-mercatini-di-natale-trentino-alto-adige-museo-archeologico-duomo-piazza-walther-passeggiata-vigneti-funivia-renon-dolomiti2-400x266.jpg 400w, https:\/\/www.advhome.it\/wp-content\/uploads\/museo-adv-home-centro-storico-bolzano-italia-mercatini-di-natale-trentino-alto-adige-museo-archeologico-duomo-piazza-walther-passeggiata-vigneti-funivia-renon-dolomiti2-600x398.jpg 600w, https:\/\/www.advhome.it\/wp-content\/uploads\/museo-adv-home-centro-storico-bolzano-italia-mercatini-di-natale-trentino-alto-adige-museo-archeologico-duomo-piazza-walther-passeggiata-vigneti-funivia-renon-dolomiti2-800x531.jpg 800w, https:\/\/www.advhome.it\/wp-content\/uploads\/museo-adv-home-centro-storico-bolzano-italia-mercatini-di-natale-trentino-alto-adige-museo-archeologico-duomo-piazza-walther-passeggiata-vigneti-funivia-renon-dolomiti2-1200x797.jpg 1200w, https:\/\/www.advhome.it\/wp-content\/uploads\/museo-adv-home-centro-storico-bolzano-italia-mercatini-di-natale-trentino-alto-adige-museo-archeologico-duomo-piazza-walther-passeggiata-vigneti-funivia-renon-dolomiti2.jpg 2560w\" data-sizes=\"auto\" \/><\/div>\n<\/div><div class=\"fusion-title title fusion-title-13 fusion-title-center fusion-title-text fusion-title-size-five\" style=\"--awb-text-color:var(--awb-color8);--awb-margin-top:20px;--awb-margin-bottom:20px;--awb-margin-top-small:30px;--awb-font-size:17px;\"><div class=\"title-sep-container title-sep-container-left\"><div class=\"title-sep sep-single sep-solid\" style=\"border-color:#e2e2e2;\"><\/div><\/div><span class=\"awb-title-spacer\"><\/span><h5 class=\"fusion-title-heading title-heading-center\" style=\"font-family:&quot;Open Sans&quot;;font-style:normal;font-weight:400;margin:0;text-transform:uppercase;font-size:1em;line-height:1.5;\">Museos Bolzano Tirol del Sur<\/h5><span class=\"awb-title-spacer\"><\/span><div class=\"title-sep-container title-sep-container-right\"><div class=\"title-sep sep-single sep-solid\" style=\"border-color:#e2e2e2;\"><\/div><\/div><\/div><\/div><\/li>\n<li class=\"fusion-layout-column fusion_builder_column fusion-builder-column-31 fusion-flex-column fusion-column-inner-bg-wrapper post-card fusion-grid-column fusion-post-cards-grid-column\" style=\"--awb-inner-bg-blend:overlay;--awb-inner-bg-size:cover;--awb-transform:translateY(0px);--awb-transform-hover:translateY(10px);--awb-flex-grow:0;--awb-flex-shrink:0;--awb-flex-grow-medium:0;--awb-flex-shrink-medium:0;--awb-flex-grow-small:0;--awb-flex-shrink-small:0;\" data-scroll-devices=\"small-visibility,medium-visibility,large-visibility\"><span class=\"fusion-column-inner-bg hover-type-none\"><a class=\"fusion-column-anchor\" href=\"https:\/\/www.advhome.it\/es\/iglesias-bolzano-tirol-del-sur\"><span class=\"fusion-column-inner-bg-image\"><\/span><\/a><\/span><div class=\"fusion-column-wrapper fusion-column-has-shadow fusion-flex-justify-content-flex-start fusion-content-layout-column\"><div class=\"fusion-classic-product-image-wrapper fusion-woo-product-image fusion-post-card-image fusion-post-card-image-1\" data-layout=\"static\" style=\"--awb-border-radius-top-left:5px;--awb-border-radius-top-right:5px;--awb-border-radius-bottom-right:5px;--awb-border-radius-bottom-left:5px;\"><div  class=\"fusion-image-wrapper\" aria-haspopup=\"true\">\n\t\t\t\t<img decoding=\"async\" width=\"2560\" height=\"1700\" src=\"https:\/\/www.advhome.it\/wp-content\/uploads\/chiese-adv-home-centro-storico-bolzano-italia-mercatini-di-natale-trentino-alto-adige-museo-archeologico-duomo-piazza-walther-passeggiata-vigneti-funivia-renon-dolomiti.jpg\" class=\"attachment-full size-full lazyload wp-post-image\" alt=\"\" srcset=\"data:image\/svg+xml,%3Csvg%20xmlns%3D%27http%3A%2F%2Fwww.w3.org%2F2000%2Fsvg%27%20width%3D%272560%27%20height%3D%271700%27%20viewBox%3D%270%200%202560%201700%27%3E%3Crect%20width%3D%272560%27%20height%3D%271700%27%20fill-opacity%3D%220%22%2F%3E%3C%2Fsvg%3E\" data-orig-src=\"https:\/\/www.advhome.it\/wp-content\/uploads\/chiese-adv-home-centro-storico-bolzano-italia-mercatini-di-natale-trentino-alto-adige-museo-archeologico-duomo-piazza-walther-passeggiata-vigneti-funivia-renon-dolomiti.jpg\" data-srcset=\"https:\/\/www.advhome.it\/wp-content\/uploads\/chiese-adv-home-centro-storico-bolzano-italia-mercatini-di-natale-trentino-alto-adige-museo-archeologico-duomo-piazza-walther-passeggiata-vigneti-funivia-renon-dolomiti-200x133.jpg 200w, https:\/\/www.advhome.it\/wp-content\/uploads\/chiese-adv-home-centro-storico-bolzano-italia-mercatini-di-natale-trentino-alto-adige-museo-archeologico-duomo-piazza-walther-passeggiata-vigneti-funivia-renon-dolomiti-400x266.jpg 400w, https:\/\/www.advhome.it\/wp-content\/uploads\/chiese-adv-home-centro-storico-bolzano-italia-mercatini-di-natale-trentino-alto-adige-museo-archeologico-duomo-piazza-walther-passeggiata-vigneti-funivia-renon-dolomiti-600x398.jpg 600w, https:\/\/www.advhome.it\/wp-content\/uploads\/chiese-adv-home-centro-storico-bolzano-italia-mercatini-di-natale-trentino-alto-adige-museo-archeologico-duomo-piazza-walther-passeggiata-vigneti-funivia-renon-dolomiti-800x531.jpg 800w, https:\/\/www.advhome.it\/wp-content\/uploads\/chiese-adv-home-centro-storico-bolzano-italia-mercatini-di-natale-trentino-alto-adige-museo-archeologico-duomo-piazza-walther-passeggiata-vigneti-funivia-renon-dolomiti-1200x797.jpg 1200w, https:\/\/www.advhome.it\/wp-content\/uploads\/chiese-adv-home-centro-storico-bolzano-italia-mercatini-di-natale-trentino-alto-adige-museo-archeologico-duomo-piazza-walther-passeggiata-vigneti-funivia-renon-dolomiti.jpg 2560w\" data-sizes=\"auto\" \/><\/div>\n<\/div><div class=\"fusion-title title fusion-title-14 fusion-title-center fusion-title-text fusion-title-size-five\" style=\"--awb-text-color:var(--awb-color8);--awb-margin-top:20px;--awb-margin-bottom:20px;--awb-margin-top-small:30px;--awb-font-size:17px;\"><div class=\"title-sep-container title-sep-container-left\"><div class=\"title-sep sep-single sep-solid\" style=\"border-color:#e2e2e2;\"><\/div><\/div><span class=\"awb-title-spacer\"><\/span><h5 class=\"fusion-title-heading title-heading-center\" style=\"font-family:&quot;Open Sans&quot;;font-style:normal;font-weight:400;margin:0;text-transform:uppercase;font-size:1em;line-height:1.5;\">Iglesias Bolzano Tirol del Sur<\/h5><span class=\"awb-title-spacer\"><\/span><div class=\"title-sep-container title-sep-container-right\"><div class=\"title-sep sep-single sep-solid\" style=\"border-color:#e2e2e2;\"><\/div><\/div><\/div><\/div><\/li>\n<li class=\"fusion-layout-column fusion_builder_column fusion-builder-column-32 fusion-flex-column fusion-column-inner-bg-wrapper post-card fusion-grid-column fusion-post-cards-grid-column\" style=\"--awb-inner-bg-blend:overlay;--awb-inner-bg-size:cover;--awb-transform:translateY(0px);--awb-transform-hover:translateY(10px);--awb-flex-grow:0;--awb-flex-shrink:0;--awb-flex-grow-medium:0;--awb-flex-shrink-medium:0;--awb-flex-grow-small:0;--awb-flex-shrink-small:0;\" data-scroll-devices=\"small-visibility,medium-visibility,large-visibility\"><span class=\"fusion-column-inner-bg hover-type-none\"><a class=\"fusion-column-anchor\" href=\"https:\/\/www.advhome.it\/es\/castillos-bolzano-tirol-del-sur\"><span class=\"fusion-column-inner-bg-image\"><\/span><\/a><\/span><div class=\"fusion-column-wrapper fusion-column-has-shadow fusion-flex-justify-content-flex-start fusion-content-layout-column\"><div class=\"fusion-classic-product-image-wrapper fusion-woo-product-image fusion-post-card-image fusion-post-card-image-1\" data-layout=\"static\" style=\"--awb-border-radius-top-left:5px;--awb-border-radius-top-right:5px;--awb-border-radius-bottom-right:5px;--awb-border-radius-bottom-left:5px;\"><div  class=\"fusion-image-wrapper\" aria-haspopup=\"true\">\n\t\t\t\t<img decoding=\"async\" width=\"2560\" height=\"1700\" src=\"https:\/\/www.advhome.it\/wp-content\/uploads\/castelli-adv-home-centro-storico-bolzano-italia-mercatini-di-natale-trentino-alto-adige-museo-archeologico-duomo-piazza-walther-passeggiata-vigneti-funivia-renon-dolomiti2.jpg\" class=\"attachment-full size-full lazyload wp-post-image\" alt=\"\" srcset=\"data:image\/svg+xml,%3Csvg%20xmlns%3D%27http%3A%2F%2Fwww.w3.org%2F2000%2Fsvg%27%20width%3D%272560%27%20height%3D%271700%27%20viewBox%3D%270%200%202560%201700%27%3E%3Crect%20width%3D%272560%27%20height%3D%271700%27%20fill-opacity%3D%220%22%2F%3E%3C%2Fsvg%3E\" data-orig-src=\"https:\/\/www.advhome.it\/wp-content\/uploads\/castelli-adv-home-centro-storico-bolzano-italia-mercatini-di-natale-trentino-alto-adige-museo-archeologico-duomo-piazza-walther-passeggiata-vigneti-funivia-renon-dolomiti2.jpg\" data-srcset=\"https:\/\/www.advhome.it\/wp-content\/uploads\/castelli-adv-home-centro-storico-bolzano-italia-mercatini-di-natale-trentino-alto-adige-museo-archeologico-duomo-piazza-walther-passeggiata-vigneti-funivia-renon-dolomiti2-200x133.jpg 200w, https:\/\/www.advhome.it\/wp-content\/uploads\/castelli-adv-home-centro-storico-bolzano-italia-mercatini-di-natale-trentino-alto-adige-museo-archeologico-duomo-piazza-walther-passeggiata-vigneti-funivia-renon-dolomiti2-400x266.jpg 400w, https:\/\/www.advhome.it\/wp-content\/uploads\/castelli-adv-home-centro-storico-bolzano-italia-mercatini-di-natale-trentino-alto-adige-museo-archeologico-duomo-piazza-walther-passeggiata-vigneti-funivia-renon-dolomiti2-600x398.jpg 600w, https:\/\/www.advhome.it\/wp-content\/uploads\/castelli-adv-home-centro-storico-bolzano-italia-mercatini-di-natale-trentino-alto-adige-museo-archeologico-duomo-piazza-walther-passeggiata-vigneti-funivia-renon-dolomiti2-800x531.jpg 800w, https:\/\/www.advhome.it\/wp-content\/uploads\/castelli-adv-home-centro-storico-bolzano-italia-mercatini-di-natale-trentino-alto-adige-museo-archeologico-duomo-piazza-walther-passeggiata-vigneti-funivia-renon-dolomiti2-1200x797.jpg 1200w, https:\/\/www.advhome.it\/wp-content\/uploads\/castelli-adv-home-centro-storico-bolzano-italia-mercatini-di-natale-trentino-alto-adige-museo-archeologico-duomo-piazza-walther-passeggiata-vigneti-funivia-renon-dolomiti2.jpg 2560w\" data-sizes=\"auto\" \/><\/div>\n<\/div><div class=\"fusion-title title fusion-title-15 fusion-title-center fusion-title-text fusion-title-size-five\" style=\"--awb-text-color:var(--awb-color8);--awb-margin-top:20px;--awb-margin-bottom:20px;--awb-margin-top-small:30px;--awb-font-size:17px;\"><div class=\"title-sep-container title-sep-container-left\"><div class=\"title-sep sep-single sep-solid\" style=\"border-color:#e2e2e2;\"><\/div><\/div><span class=\"awb-title-spacer\"><\/span><h5 class=\"fusion-title-heading title-heading-center\" style=\"font-family:&quot;Open Sans&quot;;font-style:normal;font-weight:400;margin:0;text-transform:uppercase;font-size:1em;line-height:1.5;\">Castillos Bolzano Tirol del Sur<\/h5><span class=\"awb-title-spacer\"><\/span><div class=\"title-sep-container title-sep-container-right\"><div class=\"title-sep sep-single sep-solid\" style=\"border-color:#e2e2e2;\"><\/div><\/div><\/div><\/div><\/li>\n<\/ul><\/div><\/div><\/div><\/div><\/div>\n<\/div><\/div><div class=\"fusion-clearfix\"><\/div><\/article>\n<\/div><\/div><\/div><\/div><\/div><\/div><\/p>\n","protected":false},"excerpt":{"rendered":"","protected":false},"author":1,"featured_media":2884,"comment_status":"open","ping_status":"closed","sticky":false,"template":"","format":"standard","meta":{"footnotes":""},"categories":[113],"tags":[],"class_list":["post-3310","post","type-post","status-publish","format-standard","has-post-thumbnail","hentry","category-eventos-y-actividades"],"yoast_head":"<!-- This site is optimized with the Yoast SEO plugin v26.8 - https:\/\/yoast.com\/product\/yoast-seo-wordpress\/ -->\n<title>Museos Bolzano Tirol del Sur - ADV HOME Habitaciones Exclusivas - Reservas \u2013 Italia<\/title>\n<meta name=\"robots\" content=\"index, follow, max-snippet:-1, max-image-preview:large, max-video-preview:-1\" \/>\n<link rel=\"canonical\" href=\"https:\/\/www.advhome.it\/es\/museos-bolzano-tirol-del-sur\" \/>\n<meta property=\"og:locale\" content=\"es_ES\" \/>\n<meta property=\"og:type\" content=\"article\" \/>\n<meta property=\"og:title\" content=\"Museos Bolzano Tirol del Sur - ADV HOME Habitaciones Exclusivas - Reservas \u2013 Italia\" \/>\n<meta property=\"og:url\" content=\"https:\/\/www.advhome.it\/es\/museos-bolzano-tirol-del-sur\" \/>\n<meta property=\"og:site_name\" content=\"ADV HOME\" \/>\n<meta property=\"article:published_time\" content=\"2022-12-12T15:33:17+00:00\" \/>\n<meta property=\"article:modified_time\" content=\"2024-09-11T09:08:21+00:00\" \/>\n<meta property=\"og:image\" content=\"https:\/\/www.advhome.it\/wp-content\/uploads\/museo-adv-home-centro-storico-bolzano-italia-mercatini-di-natale-trentino-alto-adige-museo-archeologico-duomo-piazza-walther-passeggiata-vigneti-funivia-renon-dolomiti2-1024x680.jpg\" \/>\n\t<meta property=\"og:image:width\" content=\"1024\" \/>\n\t<meta property=\"og:image:height\" content=\"680\" \/>\n\t<meta property=\"og:image:type\" content=\"image\/jpeg\" \/>\n<meta name=\"author\" content=\"admin\" \/>\n<meta name=\"twitter:card\" content=\"summary_large_image\" \/>\n<meta name=\"twitter:label1\" content=\"Escrito por\" \/>\n\t<meta name=\"twitter:data1\" content=\"admin\" \/>\n\t<meta name=\"twitter:label2\" content=\"Tiempo de lectura\" \/>\n\t<meta name=\"twitter:data2\" content=\"7 minutos\" \/>\n<script type=\"application\/ld+json\" class=\"yoast-schema-graph\">{\"@context\":\"https:\/\/schema.org\",\"@graph\":[{\"@type\":\"Article\",\"@id\":\"https:\/\/www.advhome.it\/es\/museos-bolzano-tirol-del-sur#article\",\"isPartOf\":{\"@id\":\"https:\/\/www.advhome.it\/es\/museos-bolzano-tirol-del-sur\"},\"author\":{\"name\":\"admin\",\"@id\":\"https:\/\/www.advhome.it\/es#\/schema\/person\/8acdeaf71bbe1bf2b464a2d78577cf9a\"},\"headline\":\"Museos Bolzano Tirol del Sur\",\"datePublished\":\"2022-12-12T15:33:17+00:00\",\"dateModified\":\"2024-09-11T09:08:21+00:00\",\"mainEntityOfPage\":{\"@id\":\"https:\/\/www.advhome.it\/es\/museos-bolzano-tirol-del-sur\"},\"wordCount\":9207,\"commentCount\":0,\"image\":{\"@id\":\"https:\/\/www.advhome.it\/es\/museos-bolzano-tirol-del-sur#primaryimage\"},\"thumbnailUrl\":\"https:\/\/www.advhome.it\/wp-content\/uploads\/museo-adv-home-centro-storico-bolzano-italia-mercatini-di-natale-trentino-alto-adige-museo-archeologico-duomo-piazza-walther-passeggiata-vigneti-funivia-renon-dolomiti2.jpg\",\"articleSection\":[\"Eventos y Actividades\"],\"inLanguage\":\"es\",\"potentialAction\":[{\"@type\":\"CommentAction\",\"name\":\"Comment\",\"target\":[\"https:\/\/www.advhome.it\/es\/museos-bolzano-tirol-del-sur#respond\"]}]},{\"@type\":\"WebPage\",\"@id\":\"https:\/\/www.advhome.it\/es\/museos-bolzano-tirol-del-sur\",\"url\":\"https:\/\/www.advhome.it\/es\/museos-bolzano-tirol-del-sur\",\"name\":\"Museos Bolzano Tirol del Sur - ADV HOME Habitaciones Exclusivas - Reservas \u2013 Italia\",\"isPartOf\":{\"@id\":\"https:\/\/www.advhome.it\/es#website\"},\"primaryImageOfPage\":{\"@id\":\"https:\/\/www.advhome.it\/es\/museos-bolzano-tirol-del-sur#primaryimage\"},\"image\":{\"@id\":\"https:\/\/www.advhome.it\/es\/museos-bolzano-tirol-del-sur#primaryimage\"},\"thumbnailUrl\":\"https:\/\/www.advhome.it\/wp-content\/uploads\/museo-adv-home-centro-storico-bolzano-italia-mercatini-di-natale-trentino-alto-adige-museo-archeologico-duomo-piazza-walther-passeggiata-vigneti-funivia-renon-dolomiti2.jpg\",\"datePublished\":\"2022-12-12T15:33:17+00:00\",\"dateModified\":\"2024-09-11T09:08:21+00:00\",\"author\":{\"@id\":\"https:\/\/www.advhome.it\/es#\/schema\/person\/8acdeaf71bbe1bf2b464a2d78577cf9a\"},\"breadcrumb\":{\"@id\":\"https:\/\/www.advhome.it\/es\/museos-bolzano-tirol-del-sur#breadcrumb\"},\"inLanguage\":\"es\",\"potentialAction\":[{\"@type\":\"ReadAction\",\"target\":[\"https:\/\/www.advhome.it\/es\/museos-bolzano-tirol-del-sur\"]}]},{\"@type\":\"ImageObject\",\"inLanguage\":\"es\",\"@id\":\"https:\/\/www.advhome.it\/es\/museos-bolzano-tirol-del-sur#primaryimage\",\"url\":\"https:\/\/www.advhome.it\/wp-content\/uploads\/museo-adv-home-centro-storico-bolzano-italia-mercatini-di-natale-trentino-alto-adige-museo-archeologico-duomo-piazza-walther-passeggiata-vigneti-funivia-renon-dolomiti2.jpg\",\"contentUrl\":\"https:\/\/www.advhome.it\/wp-content\/uploads\/museo-adv-home-centro-storico-bolzano-italia-mercatini-di-natale-trentino-alto-adige-museo-archeologico-duomo-piazza-walther-passeggiata-vigneti-funivia-renon-dolomiti2.jpg\",\"width\":2560,\"height\":1700},{\"@type\":\"BreadcrumbList\",\"@id\":\"https:\/\/www.advhome.it\/es\/museos-bolzano-tirol-del-sur#breadcrumb\",\"itemListElement\":[{\"@type\":\"ListItem\",\"position\":1,\"name\":\"Home\",\"item\":\"https:\/\/www.advhome.it\/es\"},{\"@type\":\"ListItem\",\"position\":2,\"name\":\"Museos Bolzano Tirol del Sur\"}]},{\"@type\":\"WebSite\",\"@id\":\"https:\/\/www.advhome.it\/es#website\",\"url\":\"https:\/\/www.advhome.it\/es\",\"name\":\"ADV HOME\",\"description\":\"\",\"potentialAction\":[{\"@type\":\"SearchAction\",\"target\":{\"@type\":\"EntryPoint\",\"urlTemplate\":\"https:\/\/www.advhome.it\/es?s={search_term_string}\"},\"query-input\":{\"@type\":\"PropertyValueSpecification\",\"valueRequired\":true,\"valueName\":\"search_term_string\"}}],\"inLanguage\":\"es\"},{\"@type\":\"Person\",\"@id\":\"https:\/\/www.advhome.it\/es#\/schema\/person\/8acdeaf71bbe1bf2b464a2d78577cf9a\",\"name\":\"admin\",\"image\":{\"@type\":\"ImageObject\",\"inLanguage\":\"es\",\"@id\":\"https:\/\/www.advhome.it\/es#\/schema\/person\/image\/\",\"url\":\"https:\/\/secure.gravatar.com\/avatar\/81343315bb736757eb81d938e3344500c1f5cecbccf523d6f0a63b92a06b6ef5?s=96&d=mm&r=g\",\"contentUrl\":\"https:\/\/secure.gravatar.com\/avatar\/81343315bb736757eb81d938e3344500c1f5cecbccf523d6f0a63b92a06b6ef5?s=96&d=mm&r=g\",\"caption\":\"admin\"},\"sameAs\":[\"https:\/\/www.advhome.it\"],\"url\":\"https:\/\/www.advhome.it\/es\/author\/advstudio-it\"}]}<\/script>\n<!-- \/ Yoast SEO plugin. -->","yoast_head_json":{"title":"Museos Bolzano Tirol del Sur - ADV HOME Habitaciones Exclusivas - Reservas \u2013 Italia","robots":{"index":"index","follow":"follow","max-snippet":"max-snippet:-1","max-image-preview":"max-image-preview:large","max-video-preview":"max-video-preview:-1"},"canonical":"https:\/\/www.advhome.it\/es\/museos-bolzano-tirol-del-sur","og_locale":"es_ES","og_type":"article","og_title":"Museos Bolzano Tirol del Sur - ADV HOME Habitaciones Exclusivas - Reservas \u2013 Italia","og_url":"https:\/\/www.advhome.it\/es\/museos-bolzano-tirol-del-sur","og_site_name":"ADV HOME","article_published_time":"2022-12-12T15:33:17+00:00","article_modified_time":"2024-09-11T09:08:21+00:00","og_image":[{"width":1024,"height":680,"url":"https:\/\/www.advhome.it\/wp-content\/uploads\/museo-adv-home-centro-storico-bolzano-italia-mercatini-di-natale-trentino-alto-adige-museo-archeologico-duomo-piazza-walther-passeggiata-vigneti-funivia-renon-dolomiti2-1024x680.jpg","type":"image\/jpeg"}],"author":"admin","twitter_card":"summary_large_image","twitter_misc":{"Escrito por":"admin","Tiempo de lectura":"7 minutos"},"schema":{"@context":"https:\/\/schema.org","@graph":[{"@type":"Article","@id":"https:\/\/www.advhome.it\/es\/museos-bolzano-tirol-del-sur#article","isPartOf":{"@id":"https:\/\/www.advhome.it\/es\/museos-bolzano-tirol-del-sur"},"author":{"name":"admin","@id":"https:\/\/www.advhome.it\/es#\/schema\/person\/8acdeaf71bbe1bf2b464a2d78577cf9a"},"headline":"Museos Bolzano Tirol del Sur","datePublished":"2022-12-12T15:33:17+00:00","dateModified":"2024-09-11T09:08:21+00:00","mainEntityOfPage":{"@id":"https:\/\/www.advhome.it\/es\/museos-bolzano-tirol-del-sur"},"wordCount":9207,"commentCount":0,"image":{"@id":"https:\/\/www.advhome.it\/es\/museos-bolzano-tirol-del-sur#primaryimage"},"thumbnailUrl":"https:\/\/www.advhome.it\/wp-content\/uploads\/museo-adv-home-centro-storico-bolzano-italia-mercatini-di-natale-trentino-alto-adige-museo-archeologico-duomo-piazza-walther-passeggiata-vigneti-funivia-renon-dolomiti2.jpg","articleSection":["Eventos y Actividades"],"inLanguage":"es","potentialAction":[{"@type":"CommentAction","name":"Comment","target":["https:\/\/www.advhome.it\/es\/museos-bolzano-tirol-del-sur#respond"]}]},{"@type":"WebPage","@id":"https:\/\/www.advhome.it\/es\/museos-bolzano-tirol-del-sur","url":"https:\/\/www.advhome.it\/es\/museos-bolzano-tirol-del-sur","name":"Museos Bolzano Tirol del Sur - ADV HOME Habitaciones Exclusivas - Reservas \u2013 Italia","isPartOf":{"@id":"https:\/\/www.advhome.it\/es#website"},"primaryImageOfPage":{"@id":"https:\/\/www.advhome.it\/es\/museos-bolzano-tirol-del-sur#primaryimage"},"image":{"@id":"https:\/\/www.advhome.it\/es\/museos-bolzano-tirol-del-sur#primaryimage"},"thumbnailUrl":"https:\/\/www.advhome.it\/wp-content\/uploads\/museo-adv-home-centro-storico-bolzano-italia-mercatini-di-natale-trentino-alto-adige-museo-archeologico-duomo-piazza-walther-passeggiata-vigneti-funivia-renon-dolomiti2.jpg","datePublished":"2022-12-12T15:33:17+00:00","dateModified":"2024-09-11T09:08:21+00:00","author":{"@id":"https:\/\/www.advhome.it\/es#\/schema\/person\/8acdeaf71bbe1bf2b464a2d78577cf9a"},"breadcrumb":{"@id":"https:\/\/www.advhome.it\/es\/museos-bolzano-tirol-del-sur#breadcrumb"},"inLanguage":"es","potentialAction":[{"@type":"ReadAction","target":["https:\/\/www.advhome.it\/es\/museos-bolzano-tirol-del-sur"]}]},{"@type":"ImageObject","inLanguage":"es","@id":"https:\/\/www.advhome.it\/es\/museos-bolzano-tirol-del-sur#primaryimage","url":"https:\/\/www.advhome.it\/wp-content\/uploads\/museo-adv-home-centro-storico-bolzano-italia-mercatini-di-natale-trentino-alto-adige-museo-archeologico-duomo-piazza-walther-passeggiata-vigneti-funivia-renon-dolomiti2.jpg","contentUrl":"https:\/\/www.advhome.it\/wp-content\/uploads\/museo-adv-home-centro-storico-bolzano-italia-mercatini-di-natale-trentino-alto-adige-museo-archeologico-duomo-piazza-walther-passeggiata-vigneti-funivia-renon-dolomiti2.jpg","width":2560,"height":1700},{"@type":"BreadcrumbList","@id":"https:\/\/www.advhome.it\/es\/museos-bolzano-tirol-del-sur#breadcrumb","itemListElement":[{"@type":"ListItem","position":1,"name":"Home","item":"https:\/\/www.advhome.it\/es"},{"@type":"ListItem","position":2,"name":"Museos Bolzano Tirol del Sur"}]},{"@type":"WebSite","@id":"https:\/\/www.advhome.it\/es#website","url":"https:\/\/www.advhome.it\/es","name":"ADV HOME","description":"","potentialAction":[{"@type":"SearchAction","target":{"@type":"EntryPoint","urlTemplate":"https:\/\/www.advhome.it\/es?s={search_term_string}"},"query-input":{"@type":"PropertyValueSpecification","valueRequired":true,"valueName":"search_term_string"}}],"inLanguage":"es"},{"@type":"Person","@id":"https:\/\/www.advhome.it\/es#\/schema\/person\/8acdeaf71bbe1bf2b464a2d78577cf9a","name":"admin","image":{"@type":"ImageObject","inLanguage":"es","@id":"https:\/\/www.advhome.it\/es#\/schema\/person\/image\/","url":"https:\/\/secure.gravatar.com\/avatar\/81343315bb736757eb81d938e3344500c1f5cecbccf523d6f0a63b92a06b6ef5?s=96&d=mm&r=g","contentUrl":"https:\/\/secure.gravatar.com\/avatar\/81343315bb736757eb81d938e3344500c1f5cecbccf523d6f0a63b92a06b6ef5?s=96&d=mm&r=g","caption":"admin"},"sameAs":["https:\/\/www.advhome.it"],"url":"https:\/\/www.advhome.it\/es\/author\/advstudio-it"}]}},"_links":{"self":[{"href":"https:\/\/www.advhome.it\/es\/wp-json\/wp\/v2\/posts\/3310","targetHints":{"allow":["GET"]}}],"collection":[{"href":"https:\/\/www.advhome.it\/es\/wp-json\/wp\/v2\/posts"}],"about":[{"href":"https:\/\/www.advhome.it\/es\/wp-json\/wp\/v2\/types\/post"}],"author":[{"embeddable":true,"href":"https:\/\/www.advhome.it\/es\/wp-json\/wp\/v2\/users\/1"}],"replies":[{"embeddable":true,"href":"https:\/\/www.advhome.it\/es\/wp-json\/wp\/v2\/comments?post=3310"}],"version-history":[{"count":3,"href":"https:\/\/www.advhome.it\/es\/wp-json\/wp\/v2\/posts\/3310\/revisions"}],"predecessor-version":[{"id":3318,"href":"https:\/\/www.advhome.it\/es\/wp-json\/wp\/v2\/posts\/3310\/revisions\/3318"}],"wp:featuredmedia":[{"embeddable":true,"href":"https:\/\/www.advhome.it\/es\/wp-json\/wp\/v2\/media\/2884"}],"wp:attachment":[{"href":"https:\/\/www.advhome.it\/es\/wp-json\/wp\/v2\/media?parent=3310"}],"wp:term":[{"taxonomy":"category","embeddable":true,"href":"https:\/\/www.advhome.it\/es\/wp-json\/wp\/v2\/categories?post=3310"},{"taxonomy":"post_tag","embeddable":true,"href":"https:\/\/www.advhome.it\/es\/wp-json\/wp\/v2\/tags?post=3310"}],"curies":[{"name":"wp","href":"https:\/\/api.w.org\/{rel}","templated":true}]}}