{"id":3242,"date":"2024-08-01T07:08:15","date_gmt":"2024-08-01T07:08:15","guid":{"rendered":"https:\/\/www.advhome.it\/il-centro-storico-di-bolzano-alto-adige"},"modified":"2024-09-10T22:04:29","modified_gmt":"2024-09-10T22:04:29","slug":"die-altstadt-von-bozen-suedtirol","status":"publish","type":"post","link":"https:\/\/www.advhome.it\/de\/die-altstadt-von-bozen-suedtirol","title":{"rendered":"Die Altstadt von Bozen &#8211; S\u00fcdtirol"},"content":{"rendered":"<p><div class=\"fusion-fullwidth fullwidth-box fusion-builder-row-1 fusion-flex-container has-pattern-background has-mask-background attivita-cont-slogan hundred-percent-fullwidth non-hundred-percent-height-scrolling\" style=\"--awb-border-radius-top-left:0px;--awb-border-radius-top-right:0px;--awb-border-radius-bottom-right:0px;--awb-border-radius-bottom-left:0px;--awb-padding-top:100px;--awb-padding-right:30px;--awb-padding-bottom:100px;--awb-padding-left:30px;--awb-margin-top:0px;--awb-margin-bottom:0px;--awb-background-color:#00637a;--awb-flex-wrap:wrap;\" ><div class=\"awb-background-pattern\" style=\"background-image:  url(data:image\/svg+xml;utf8,%3Csvg%20width%3D%22120%22%20height%3D%22120%22%20fill%3D%22none%22%20xmlns%3D%22http%3A%2F%2Fwww.w3.org%2F2000%2Fsvg%22%3E%3Cpath%20fill-rule%3D%22evenodd%22%20clip-rule%3D%22evenodd%22%20d%3D%22M1.488%2030c0%2015.747%2012.765%2028.512%2028.512%2028.512S58.512%2045.747%2058.512%2030%2045.747%201.488%2030%201.488%201.488%2014.253%201.488%2030zM30%2060C13.431%2060%200%2046.569%200%2030%200%2013.431%2013.431%200%2030%200c16.569%200%2030%2013.431%2030%2030%200%2016.569-13.431%2030-30%2030z%22%20fill%3D%22rgba%280%2C0%2C0%2C0.3%29%22%2F%3E%3Cpath%20fill-rule%3D%22evenodd%22%20clip-rule%3D%22evenodd%22%20d%3D%22M11.47%2030c0%2010.234%208.296%2018.53%2018.53%2018.53%2010.234%200%2018.53-8.296%2018.53-18.53%200-10.234-8.296-18.53-18.53-18.53-10.234%200-18.53%208.296-18.53%2018.53zM30%2050c-11.046%200-20-8.954-20-20s8.954-20%2020-20%2020%208.954%2020%2020-8.954%2020-20%2020zM1.488%2090c0%2015.747%2012.765%2028.512%2028.512%2028.512S58.512%20105.747%2058.512%2090%2045.747%2061.488%2030%2061.488%201.488%2074.253%201.488%2090zM30%20120c-16.569%200-30-13.431-30-30%200-16.569%2013.431-30%2030-30%2016.569%200%2030%2013.431%2030%2030%200%2016.569-13.431%2030-30%2030z%22%20fill%3D%22rgba%280%2C0%2C0%2C0.3%29%22%2F%3E%3Cpath%20fill-rule%3D%22evenodd%22%20clip-rule%3D%22evenodd%22%20d%3D%22M11.47%2090c0%2010.234%208.296%2018.531%2018.53%2018.531%2010.234%200%2018.53-8.297%2018.53-18.531%200-10.234-8.296-18.53-18.53-18.53-10.234%200-18.53%208.296-18.53%2018.53zM30%20110c-11.046%200-20-8.954-20-20s8.954-20%2020-20%2020%208.954%2020%2020-8.954%2020-20%2020zM61.488%2030c0%2015.747%2012.765%2028.512%2028.512%2028.512S118.512%2045.747%20118.512%2030%20105.747%201.488%2090%201.488%2061.488%2014.253%2061.488%2030zM90%2060c-16.569%200-30-13.431-30-30C60%2013.431%2073.431%200%2090%200c16.569%200%2030%2013.431%2030%2030%200%2016.569-13.431%2030-30%2030z%22%20fill%3D%22rgba%280%2C0%2C0%2C0.3%29%22%2F%3E%3Cpath%20fill-rule%3D%22evenodd%22%20clip-rule%3D%22evenodd%22%20d%3D%22M71.47%2030c0%2010.234%208.296%2018.53%2018.53%2018.53%2010.234%200%2018.531-8.296%2018.531-18.53%200-10.234-8.297-18.53-18.531-18.53-10.234%200-18.53%208.296-18.53%2018.53zM90%2050c-11.046%200-20-8.954-20-20s8.954-20%2020-20%2020%208.954%2020%2020-8.954%2020-20%2020zM61.488%2090c0%2015.747%2012.765%2028.512%2028.512%2028.512S118.512%20105.747%20118.512%2090%20105.747%2061.488%2090%2061.488%2061.488%2074.253%2061.488%2090zM90%20120c-16.569%200-30-13.431-30-30%200-16.569%2013.431-30%2030-30%2016.569%200%2030%2013.431%2030%2030%200%2016.569-13.431%2030-30%2030z%22%20fill%3D%22rgba%280%2C0%2C0%2C0.3%29%22%2F%3E%3Cpath%20fill-rule%3D%22evenodd%22%20clip-rule%3D%22evenodd%22%20d%3D%22M71.47%2090c0%2010.234%208.296%2018.531%2018.53%2018.531%2010.234%200%2018.531-8.297%2018.531-18.531%200-10.234-8.297-18.53-18.531-18.53-10.234%200-18.53%208.296-18.53%2018.53zM90%20110c-11.046%200-20-8.954-20-20s8.954-20%2020-20%2020%208.954%2020%2020-8.954%2020-20%2020z%22%20fill%3D%22rgba%280%2C0%2C0%2C0.3%29%22%2F%3E%3C%2Fsvg%3E);opacity: 1 ;mix-blend-mode:normal;\"><\/div><div class=\"fusion-builder-row fusion-row fusion-flex-align-items-flex-start fusion-flex-content-wrap\" style=\"width:104% !important;max-width:104% !important;margin-left: calc(-4% \/ 2 );margin-right: calc(-4% \/ 2 );\"><div class=\"fusion-layout-column fusion_builder_column fusion-builder-column-0 fusion_builder_column_1_1 1_1 fusion-flex-column fusion-animated\" style=\"--awb-padding-top:30px;--awb-padding-bottom:10px;--awb-bg-size:cover;--awb-width-large:100%;--awb-margin-top-large:0px;--awb-spacing-right-large:1.92%;--awb-margin-bottom-large:0px;--awb-spacing-left-large:1.92%;--awb-width-medium:100%;--awb-order-medium:0;--awb-spacing-right-medium:1.92%;--awb-spacing-left-medium:1.92%;--awb-width-small:100%;--awb-order-small:0;--awb-spacing-right-small:1.92%;--awb-margin-bottom-small:68px;--awb-spacing-left-small:1.92%;\" data-animationType=\"fadeInDown\" data-animationDuration=\"0.8\" data-animationDelay=\"0.2\" data-animationOffset=\"top-into-view\" data-scroll-devices=\"small-visibility,medium-visibility,large-visibility\"><div class=\"fusion-column-wrapper fusion-column-has-shadow fusion-flex-justify-content-flex-start fusion-content-layout-column\"><i class=\"fb-icon-element-1 fb-icon-element fontawesome-icon fa-landmark fas circle-no\" style=\"--awb-iconcolor:var(--awb-color1);--awb-iconcolor-hover:var(--awb-color8);--awb-font-size:70px;--awb-margin-top:0;--awb-margin-right:0;--awb-margin-bottom:0;--awb-margin-left:0;--awb-align-self:center;\"><\/i><div class=\"fusion-text fusion-text-1\" style=\"--awb-content-alignment:center;--awb-font-size:30px;--awb-text-color:var(--awb-color1);--awb-text-font-family:&quot;Merienda&quot;;--awb-text-font-style:normal;--awb-text-font-weight:400;\"><p>Pulsierendes Herz der Geschichte und Kultur<\/p>\n<\/div><div class=\"fusion-text fusion-text-2\" style=\"--awb-content-alignment:center;--awb-font-size:30px;--awb-text-color:var(--awb-color1);--awb-text-font-family:&quot;Merienda&quot;;--awb-text-font-style:normal;--awb-text-font-weight:400;\"><p>BOZEN &#8211; S\u00dcDTIROL<\/p>\n<\/div><\/div><\/div><\/div><\/div><div class=\"fusion-fullwidth fullwidth-box fusion-builder-row-2 fusion-flex-container has-pattern-background has-mask-background attivita-cont-txt nonhundred-percent-fullwidth non-hundred-percent-height-scrolling\" style=\"--awb-border-sizes-top:0px;--awb-border-sizes-bottom:0px;--awb-border-sizes-left:0px;--awb-border-sizes-right:0px;--awb-border-radius-top-left:0px;--awb-border-radius-top-right:0px;--awb-border-radius-bottom-right:0px;--awb-border-radius-bottom-left:0px;--awb-padding-top:120px;--awb-padding-bottom:120px;--awb-padding-top-medium:60px;--awb-padding-bottom-medium:60px;--awb-padding-top-small:60px;--awb-margin-top:0px;--awb-margin-bottom:0px;--awb-background-color:rgba(255,255,255,0);--awb-flex-wrap:wrap;\" ><div class=\"awb-background-mask\" style=\"background-image:  url(data:image\/svg+xml;utf8,%3Csvg%20width%3D%221920%22%20height%3D%22954%22%20fill%3D%22none%22%20xmlns%3D%22http%3A%2F%2Fwww.w3.org%2F2000%2Fsvg%22%3E%3Cpath%20fill-rule%3D%22evenodd%22%20clip-rule%3D%22evenodd%22%20d%3D%22M1920%20615.353V340.175l-137.59%20137.589L1920%20615.353zM1919.24%20954l-167.18-167.177-139.35-139.353L1443%20477.764l169.71-169.706%20139.35-139.352L1920%20.764V0h-137.19L1345%20437.812%20907.188%200H0v954h907l84.447-84.447%20268.703-268.7L1345%20516l84.85%2084.853%20268.7%20268.7L1783%20954h136.24zM1345%20685.706L1613.29%20954H1526l-138.57-138.574L1345%20773l-42.43%2042.426L1164%20954h-87.29L1345%20685.706zM1248.85%20954l96.15-96.147L1441.15%20954h-192.3z%22%20fill%3D%22rgba%28249%2C249%2C251%2C1%29%22%2F%3E%3C%2Fsvg%3E);opacity: 1 ;transform: scale(1, 1);mix-blend-mode:normal;\"><\/div><div class=\"fusion-builder-row fusion-row fusion-flex-align-items-flex-start fusion-flex-justify-content-center fusion-flex-content-wrap\" style=\"max-width:calc( 1300px + 80px );margin-left: calc(-80px \/ 2 );margin-right: calc(-80px \/ 2 );\"><div class=\"fusion-layout-column fusion_builder_column fusion-builder-column-1 fusion_builder_column_1_1 1_1 fusion-flex-column\" style=\"--awb-bg-size:cover;--awb-width-large:100%;--awb-margin-top-large:0px;--awb-spacing-right-large:40px;--awb-margin-bottom-large:20px;--awb-spacing-left-large:40px;--awb-width-medium:100%;--awb-order-medium:0;--awb-spacing-right-medium:40px;--awb-spacing-left-medium:40px;--awb-width-small:100%;--awb-order-small:0;--awb-spacing-right-small:40px;--awb-spacing-left-small:40px;\"><div class=\"fusion-column-wrapper fusion-column-has-shadow fusion-flex-justify-content-flex-start fusion-content-layout-column\"><div class=\"fusion-text fusion-text-3\" style=\"--awb-content-alignment:left;--awb-font-size:20px;\"><p><strong>Entdecken Sie die Stra\u00dfen, Pl\u00e4tze und historischen Denkm\u00e4ler von Bozen<\/strong><\/p>\n<\/div><div class=\"fusion-text fusion-text-4\" style=\"--awb-content-alignment:left;\"><p>Willkommen in Bozen, einer Stadt voller Geschichte, Kultur und Charme.<\/p>\n<p>W\u00e4hrend Ihres Aufenthalts in unserer im Herzen der Altstadt gelegenen Pension haben Sie die M\u00f6glichkeit, einige der bedeutendsten Stra\u00dfen, Pl\u00e4tze und Denkm\u00e4ler von Bozen zu erkunden.<\/p>\n<p>Jede Ecke der Stadt erz\u00e4hlt eine Geschichte und l\u00e4dt Sie ein, ihre versteckten Sch\u00f6nheiten zu entdecken.<\/p>\n<\/div><\/div><\/div><div class=\"fusion-layout-column fusion_builder_column fusion-builder-column-2 fusion_builder_column_1_2 1_2 fusion-flex-column\" style=\"--awb-bg-size:cover;--awb-width-large:50%;--awb-margin-top-large:0px;--awb-spacing-right-large:40px;--awb-margin-bottom-large:20px;--awb-spacing-left-large:40px;--awb-width-medium:50%;--awb-order-medium:0;--awb-spacing-right-medium:40px;--awb-spacing-left-medium:40px;--awb-width-small:100%;--awb-order-small:0;--awb-spacing-right-small:40px;--awb-spacing-left-small:40px;\"><div class=\"fusion-column-wrapper fusion-column-has-shadow fusion-flex-justify-content-flex-start fusion-content-layout-column\"><div class=\"fusion-text fusion-text-5\" style=\"--awb-font-size:30px;--awb-text-font-family:&quot;Merienda&quot;;--awb-text-font-style:normal;--awb-text-font-weight:400;\"><p>Die historischen Stra\u00dfen<\/p>\n<\/div><div class=\"fusion-text fusion-text-6\"><p><strong>Laubengasse (Via dei Portici)<\/strong><\/p>\n<ul>\n<li><strong>Beschreibung<\/strong>: Diese Stra\u00dfe ist das pulsierende Herz von Bozen, ber\u00fchmt f\u00fcr ihre mittelalterlichen Laubeng\u00e4nge, in denen eine Vielzahl von Gesch\u00e4ften, Boutiquen, Caf\u00e9s und Restaurants zu finden sind.<\/li>\n<li><strong>Warum besuchen<\/strong>: Spazieren Sie unter den Lauben f\u00fcr ein einzigartiges Einkaufserlebnis, bewundern Sie die alten Fassaden der Kaufmannsh\u00e4user und genie\u00dfen Sie die lebhafte Atmosph\u00e4re der Stadt.<\/li>\n<\/ul>\n<\/div><div class=\"fusion-text fusion-text-7\"><p><strong>Bindergasse (Via Bottai)<\/strong><\/p>\n<ul>\n<li><strong>Beschreibung<\/strong>: Einst Sitz der Handwerksz\u00fcnfte, bewahrt die Bindergasse bis heute ihren historischen Charme mit ihren charakteristischen mittelalterlichen H\u00e4usern.<\/li>\n<li><strong>Warum besuchen<\/strong>: Entdecken Sie diese malerische Stra\u00dfe, um die traditionelle Architektur zu erkunden und einige der \u00e4ltesten Gasth\u00e4user der Stadt zu besuchen.<\/li>\n<\/ul>\n<\/div><\/div><\/div><div class=\"fusion-layout-column fusion_builder_column fusion-builder-column-3 fusion_builder_column_1_2 1_2 fusion-flex-column\" style=\"--awb-bg-size:cover;--awb-width-large:50%;--awb-margin-top-large:0px;--awb-spacing-right-large:40px;--awb-margin-bottom-large:20px;--awb-spacing-left-large:40px;--awb-width-medium:50%;--awb-order-medium:0;--awb-spacing-right-medium:40px;--awb-spacing-left-medium:40px;--awb-width-small:100%;--awb-order-small:0;--awb-spacing-right-small:40px;--awb-spacing-left-small:40px;\"><div class=\"fusion-column-wrapper fusion-column-has-shadow fusion-flex-justify-content-flex-start fusion-content-layout-column\"><div class=\"fusion-text fusion-text-8\" style=\"--awb-font-size:30px;--awb-text-font-family:&quot;Merienda&quot;;--awb-text-font-style:normal;--awb-text-font-weight:400;\"><p>Die historischen Pl\u00e4tze<\/p>\n<\/div><div class=\"fusion-text fusion-text-9\"><p><strong>Waltherplatz (Piazza Walther)<\/strong><\/p>\n<ul>\n<li><strong>Beschreibung<\/strong>: Benannt nach dem Dichter Walther von der Vogelweide, ist dieser Platz das wahre Zentrum von Bozen und ein Treffpunkt f\u00fcr Einheimische und Touristen.<\/li>\n<li><strong>Warum besuchen<\/strong>: Bewundern Sie die Statue von Walther, genie\u00dfen Sie einen Kaffee in einem der vielen Freiluftlokale und nehmen Sie an den zahlreichen Veranstaltungen und M\u00e4rkten teil, die den Platz das ganze Jahr \u00fcber beleben, einschlie\u00dflich des ber\u00fchmten Weihnachtsmarktes.<\/li>\n<\/ul>\n<\/div><div class=\"fusion-text fusion-text-10\"><p><strong>Obstmarkt (Piazza delle Erbe)<\/strong><\/p>\n<ul>\n<li><strong>Beschreibung<\/strong>: Dieser historische Platz ist der Standort des traditionellen Obst- und Gem\u00fcsemarktes, umgeben von farbenfrohen und malerischen Geb\u00e4uden.<\/li>\n<li><strong>Warum besuchen<\/strong>: Tauchen Sie ein in die authentische Atmosph\u00e4re von Bozen, indem Sie frische, lokale Produkte kaufen, und bewundern Sie den Neptunbrunnen, eines der Wahrzeichen der Stadt.<\/li>\n<\/ul>\n<\/div><\/div><\/div><div class=\"fusion-layout-column fusion_builder_column fusion-builder-column-4 fusion_builder_column_1_1 1_1 fusion-flex-column\" style=\"--awb-bg-size:cover;--awb-width-large:100%;--awb-margin-top-large:0px;--awb-spacing-right-large:40px;--awb-margin-bottom-large:20px;--awb-spacing-left-large:40px;--awb-width-medium:100%;--awb-order-medium:0;--awb-spacing-right-medium:40px;--awb-spacing-left-medium:40px;--awb-width-small:100%;--awb-order-small:0;--awb-spacing-right-small:40px;--awb-spacing-left-small:40px;\"><div class=\"fusion-column-wrapper fusion-column-has-shadow fusion-flex-justify-content-flex-start fusion-content-layout-column\"><div class=\"fusion-text fusion-text-11\" style=\"--awb-font-size:30px;--awb-text-font-family:&quot;Merienda&quot;;--awb-text-font-style:normal;--awb-text-font-weight:400;\"><p>Die historischen Denkm\u00e4ler<\/p>\n<\/div><div class=\"fusion-text fusion-text-12\"><p><strong>Bozner Dom (Cattedrale di Santa Maria Assunta)<\/strong><\/p>\n<ul>\n<li><strong>Beschreibung<\/strong>: Dieses imposante gotische Bauwerk mit seinem charakteristischen Glockenturm ist eines der Hauptdenkm\u00e4ler von Bozen.<\/li>\n<li><strong>Warum besuchen<\/strong>: Bewundern Sie die wundersch\u00f6ne Architektur, die Fresken und die sakralen Kunstwerke im Inneren der Kathedrale. Verpassen Sie nicht die Gelegenheit, den Glockenturm zu besteigen, um einen Panoramablick auf die Stadt zu genie\u00dfen.<\/li>\n<\/ul>\n<\/div><div class=\"fusion-text fusion-text-13\"><p><strong>Burg Runkelstein (Castel Roncolo)<\/strong><\/p>\n<ul>\n<li><strong>Beschreibung<\/strong>: Auf einem Felsen \u00fcber dem Fluss Talfer gelegen, ist diese mittelalterliche Burg f\u00fcr ihre gut erhaltenen Fresken bekannt.<\/li>\n<li><strong>Warum besuchen<\/strong>: Entdecken Sie die ritterlichen Geschichten und das h\u00f6fische Leben, die in den Fresken dargestellt sind, und genie\u00dfen Sie den spektakul\u00e4ren Blick auf das Tal.<\/li>\n<\/ul>\n<\/div><div class=\"fusion-text fusion-text-14\"><p><strong>Siegessdenkmal (Monumento alla Vittoria)<\/strong><\/p>\n<ul>\n<li><strong>Beschreibung<\/strong>: Dieses Denkmal, das sich in der N\u00e4he der Talferbr\u00fccke befindet, wurde w\u00e4hrend der faschistischen \u00c4ra in Italien errichtet.<\/li>\n<li><strong>Warum besuchen<\/strong>: Erkunden Sie das Denkmal, um einen komplexen Teil der Bozener Geschichte zu verstehen, und besuchen Sie die Dauerausstellung, die eine kritische Sicht auf die faschistische \u00c4ra bietet.<\/li>\n<\/ul>\n<\/div><div class=\"fusion-text fusion-text-15\"><p><strong>Dominikanerkirche (Chiesa dei Domenicani)<\/strong><\/p>\n<ul>\n<li><strong>Beschreibung<\/strong>: Diese gotische Kirche im Zentrum von Bozen ist bekannt f\u00fcr ihre Fresken aus dem 14. Jahrhundert und den angrenzenden Kreuzgang.<\/li>\n<li><strong>Warum besuchen<\/strong>: Bewundern Sie die Fresken der Giotto-Schule und genie\u00dfen Sie die Ruhe des Kreuzgangs, eine Oase des Friedens im Herzen der Stadt.<\/li>\n<\/ul>\n<\/div><div class=\"fusion-text fusion-text-16\"><p>Bozen ist eine Stadt, die zu Fu\u00df erkundet werden will, und an jeder Ecke eine historische und kulturelle Entdeckung bietet. Unsere Pension im historischen Zentrum ist die ideale Basis, um diese Wunder zu entdecken. Wir freuen uns auf Ihren unvergesslichen Aufenthalt!<\/p>\n<\/div><\/div><\/div><\/div><\/div><div class=\"fusion-fullwidth fullwidth-box fusion-builder-row-3 fusion-flex-container has-pattern-background has-mask-background art-cont-guestcard hundred-percent-fullwidth non-hundred-percent-height-scrolling\" style=\"--awb-border-radius-top-left:0px;--awb-border-radius-top-right:0px;--awb-border-radius-bottom-right:0px;--awb-border-radius-bottom-left:0px;--awb-flex-wrap:wrap;\" ><div class=\"fusion-builder-row fusion-row fusion-flex-align-items-flex-start fusion-flex-content-wrap\" style=\"width:104% !important;max-width:104% !important;margin-left: calc(-4% \/ 2 );margin-right: calc(-4% \/ 2 );\"><div class=\"fusion-layout-column fusion_builder_column fusion-builder-column-5 fusion_builder_column_1_1 1_1 fusion-flex-column\" style=\"--awb-bg-size:cover;--awb-width-large:100%;--awb-margin-top-large:0px;--awb-spacing-right-large:0px;--awb-margin-bottom-large:0px;--awb-spacing-left-large:0px;--awb-width-medium:100%;--awb-order-medium:0;--awb-spacing-right-medium:0px;--awb-spacing-left-medium:0px;--awb-width-small:100%;--awb-order-small:0;--awb-spacing-right-small:1.92%;--awb-spacing-left-small:1.92%;\" data-scroll-devices=\"small-visibility,medium-visibility,large-visibility\"><div class=\"fusion-column-wrapper fusion-column-has-shadow fusion-flex-justify-content-flex-start fusion-content-layout-column\"><div class=\"fusion-blog-shortcode fusion-blog-shortcode-1 fusion-blog-archive fusion-blog-layout-large fusion-blog-pagination fusion-blog-no-images\"><div class=\"fusion-posts-container fusion-posts-container-pagination fusion-no-meta-info\" data-pages=\"1\"><article id=\"blog-1-post-2982\" class=\"fusion-post-large post-2982 post type-post status-publish format-standard has-post-thumbnail hentry category-gaestekarte\">\n<div class=\"fusion-post-content post-content\"><div class=\"fusion-post-content-container\"><p><div class=\"fusion-fullwidth fullwidth-box fusion-builder-row-3-1 fusion-flex-container has-pattern-background has-mask-background guest-card-cont1 hundred-percent-fullwidth non-hundred-percent-height-scrolling\" style=\"--awb-border-radius-top-left:0px;--awb-border-radius-top-right:0px;--awb-border-radius-bottom-right:0px;--awb-border-radius-bottom-left:0px;--awb-padding-top:50px;--awb-padding-right:0px;--awb-padding-bottom:80px;--awb-padding-left:0px;--awb-flex-wrap:wrap;\" ><div class=\"fusion-builder-row fusion-row fusion-flex-align-items-center fusion-flex-justify-content-center fusion-flex-content-wrap\" style=\"width:104% !important;max-width:104% !important;margin-left: calc(-4% \/ 2 );margin-right: calc(-4% \/ 2 );\"><div class=\"fusion-layout-column fusion_builder_column fusion-builder-column-6 fusion_builder_column_1_1 1_1 fusion-flex-column fusion-animated\" style=\"--awb-bg-size:cover;--awb-width-large:100%;--awb-flex-grow:0;--awb-flex-shrink:0;--awb-margin-top-large:0px;--awb-spacing-right-large:1.92%;--awb-margin-bottom-large:20px;--awb-spacing-left-large:1.92%;--awb-width-medium:100%;--awb-order-medium:0;--awb-flex-grow-medium:0;--awb-flex-shrink-medium:0;--awb-spacing-right-medium:1.92%;--awb-spacing-left-medium:1.92%;--awb-width-small:100%;--awb-order-small:0;--awb-flex-grow-small:0;--awb-flex-shrink-small:0;--awb-spacing-right-small:1.92%;--awb-spacing-left-small:1.92%;\" data-animationType=\"fadeInDown\" data-animationDuration=\"5.0\" data-animationOffset=\"top-into-view\" data-scroll-devices=\"small-visibility,medium-visibility,large-visibility\"><div class=\"fusion-column-wrapper fusion-column-has-shadow fusion-flex-justify-content-flex-start fusion-content-layout-column\"><div class=\"fusion-separator\" style=\"align-self: center;margin-left: auto;margin-right: auto;margin-bottom:40px;width:100%;max-width:30%;\"><div class=\"fusion-separator-border sep-single sep-solid\" style=\"--awb-height:20px;--awb-amount:20px;--awb-sep-color:#247435;border-color:#247435;border-top-width:1px;\"><\/div><\/div><\/div><\/div><div class=\"fusion-layout-column fusion_builder_column fusion-builder-column-7 fusion_builder_column_1_1 1_1 fusion-flex-column\" style=\"--awb-bg-size:cover;--awb-transition:filter 300ms ease-out, transform 300ms ease-out, background-color 300ms ease-out, border-color 300ms ease-out;--awb-width-large:100%;--awb-flex-grow:0;--awb-flex-shrink:0;--awb-margin-top-large:0px;--awb-spacing-right-large:1.92%;--awb-margin-bottom-large:50px;--awb-spacing-left-large:1.92%;--awb-width-medium:100%;--awb-order-medium:0;--awb-flex-grow-medium:0;--awb-flex-shrink-medium:0;--awb-spacing-right-medium:1.92%;--awb-spacing-left-medium:1.92%;--awb-width-small:100%;--awb-order-small:0;--awb-flex-grow-small:0;--awb-flex-shrink-small:0;--awb-spacing-right-small:1.92%;--awb-spacing-left-small:1.92%;\" data-scroll-devices=\"small-visibility,medium-visibility,large-visibility\"><div class=\"fusion-column-wrapper fusion-column-has-shadow fusion-flex-justify-content-flex-start fusion-content-layout-column\"><div class=\"fusion-text fusion-text-17 fusion-animated\" style=\"--awb-content-alignment:center;--awb-font-size:40px;--awb-text-font-family:&quot;Merienda&quot;;--awb-text-font-style:normal;--awb-text-font-weight:400;\" data-animationType=\"fadeInLeft\" data-animationDuration=\"4.0\" data-animationOffset=\"top-into-view\"><p>S\u00fcdtirol Alto Adige Guest Pass<\/p>\n<\/div><div class=\"fusion-text fusion-text-18 fusion-animated\" style=\"--awb-content-alignment:center;\" data-animationType=\"fadeInRight\" data-animationDuration=\"4.0\" data-animationOffset=\"top-into-view\"><p>Wir bieten unseren G\u00e4sten kostenlos die &#8222;Bolzano Card&#8220; an, die zahlreiche Vorteile bietet:<\/p>\n<\/div><i class=\"fb-icon-element-2 fb-icon-element fontawesome-icon fa-sun fas circle-no fa-spin fusion-animated\" style=\"--awb-iconcolor:var(--awb-custom_color_1);--awb-font-size:32px;--awb-margin-top:0;--awb-margin-right:0;--awb-margin-bottom:0;--awb-margin-left:0;--awb-align-self:center;\" data-animationType=\"fadeInUp\" data-animationDuration=\"4.0\" data-animationOffset=\"top-into-view\"><\/i><\/div><\/div><div class=\"fusion-layout-column fusion_builder_column fusion-builder-column-8 fusion_builder_column_1_2 1_2 fusion-flex-column art-col-tre-icon fusion-animated\" style=\"--awb-padding-right:0%;--awb-padding-right-small:0px;--awb-bg-size:cover;--awb-width-large:50%;--awb-flex-grow:0;--awb-flex-shrink:0;--awb-margin-top-large:0px;--awb-spacing-right-large:3.84%;--awb-margin-bottom-large:0px;--awb-spacing-left-large:3.84%;--awb-width-medium:50%;--awb-order-medium:0;--awb-flex-grow-medium:0;--awb-flex-shrink-medium:0;--awb-spacing-right-medium:3.84%;--awb-spacing-left-medium:3.84%;--awb-width-small:100%;--awb-order-small:0;--awb-flex-grow-small:0;--awb-flex-shrink-small:0;--awb-spacing-right-small:1.92%;--awb-margin-bottom-small:70px;--awb-spacing-left-small:1.92%;\" data-animationType=\"fadeInDown\" data-animationDuration=\"0.8\" data-animationDelay=\"0.3\" data-animationOffset=\"top-into-view\" data-scroll-devices=\"small-visibility,medium-visibility,large-visibility\"><div class=\"fusion-column-wrapper fusion-column-has-shadow fusion-flex-justify-content-flex-start fusion-content-layout-column\"><i class=\"fb-icon-element-3 fb-icon-element fontawesome-icon fa-bus-alt fas circle-no\" style=\"--awb-iconcolor:var(--awb-custom_color_1);--awb-iconcolor-hover:var(--awb-color6);--awb-font-size:45px;--awb-align-self:center;--awb-sm-align-self:center;--awb-margin-top:0px;--awb-margin-right:0px;--awb-margin-bottom:15px;--awb-margin-left:0px;\"><\/i><div class=\"fusion-text fusion-text-19\" style=\"--awb-content-alignment:center;--awb-font-size:20px;--awb-text-color:var(--awb-custom_color_1);--awb-text-font-family:&quot;Raleway&quot;;--awb-text-font-style:normal;--awb-text-font-weight:400;\"><p><strong>VERKEHRSMITTEL<\/strong><\/p>\n<\/div><div class=\"fusion-text fusion-text-20\" style=\"--awb-content-alignment:center;--awb-font-size:15px;\"><p>Unbegrenzte Nutzung der \u00f6ffentlichen Verkehrsmittel in S\u00fcdtirol<\/p>\n<\/div><div class=\"fusion-separator fusion-full-width-sep\" style=\"align-self: center;margin-left: auto;margin-right: auto;margin-top:20px;width:100%;\"><\/div><i class=\"fb-icon-element-4 fb-icon-element fontawesome-icon fa-tram fas circle-no fusion-animated\" style=\"--awb-iconcolor:var(--awb-custom_color_1);--awb-font-size:50px;--awb-align-self:center;--awb-margin-top:0px;--awb-margin-right:0px;--awb-margin-bottom:40px;--awb-margin-left:0px;\" data-animationType=\"fadeInDown\" data-animationDuration=\"5.0\" data-animationOffset=\"top-into-view\"><\/i><div class=\"fusion-text fusion-text-21\" style=\"--awb-content-alignment:center;--awb-font-size:20px;--awb-text-transform:uppercase;--awb-text-color:var(--awb-custom_color_1);--awb-text-font-family:&quot;Raleway&quot;;--awb-text-font-style:normal;--awb-text-font-weight:700;\"><p>Seilbahnen<\/p>\n<\/div><div class=\"fusion-text fusion-text-22\" style=\"--awb-content-alignment:center;--awb-font-size:15px;\"><p>Kostenloser Zugang zu ausgew\u00e4hlten Seilbahnen in S\u00fcdtirol<\/p>\n<\/div><div class=\"fusion-separator fusion-full-width-sep\" style=\"align-self: center;margin-left: auto;margin-right: auto;margin-top:20px;width:100%;\"><\/div><i class=\"fb-icon-element-5 fb-icon-element fontawesome-icon fa-subway fas circle-no\" style=\"--awb-iconcolor:var(--awb-custom_color_1);--awb-iconcolor-hover:var(--awb-color6);--awb-font-size:45px;--awb-align-self:center;--awb-sm-align-self:center;--awb-margin-top:0px;--awb-margin-right:0px;--awb-margin-bottom:15px;--awb-margin-left:0px;\"><\/i><div class=\"fusion-text fusion-text-23\" style=\"--awb-content-alignment:center;--awb-font-size:20px;--awb-text-transform:uppercase;--awb-text-color:var(--awb-custom_color_1);--awb-text-font-family:&quot;Raleway&quot;;--awb-text-font-style:normal;--awb-text-font-weight:400;\"><p><strong>Regionalz\u00fcge und Regionalz\u00fcge Schnell<\/strong><\/p>\n<\/div><div class=\"fusion-text fusion-text-24\" style=\"--awb-content-alignment:center;--awb-font-size:15px;\"><p>Kostenlose Fahrten auf ausgew\u00e4hlten Strecken regionaler Z\u00fcge (R, RV &amp; RE) in S\u00fcdtirol und bis nach Trient.<\/p>\n<\/div><\/div><\/div><div class=\"fusion-layout-column fusion_builder_column fusion-builder-column-9 fusion_builder_column_1_2 1_2 fusion-flex-column fusion-column-inner-bg-wrapper\" style=\"--awb-inner-bg-size:cover;--awb-width-large:50%;--awb-flex-grow:0;--awb-flex-shrink:0;--awb-margin-top-large:0px;--awb-spacing-right-large:3.84%;--awb-margin-bottom-large:20px;--awb-spacing-left-large:3.84%;--awb-width-medium:50%;--awb-order-medium:0;--awb-flex-grow-medium:0;--awb-flex-shrink-medium:0;--awb-spacing-right-medium:3.84%;--awb-spacing-left-medium:3.84%;--awb-width-small:100%;--awb-order-small:0;--awb-flex-grow-small:0;--awb-flex-shrink-small:0;--awb-spacing-right-small:1.92%;--awb-spacing-left-small:1.92%;\" data-scroll-devices=\"small-visibility,medium-visibility,large-visibility\"><span class=\"fusion-column-inner-bg hover-type-none\"><a class=\"fusion-column-anchor\" href=\"https:\/\/www.bolzano-bozen.it\/it\/bolzano-bozen-card\/\" rel=\"noopener noreferrer\" target=\"_blank\"><span class=\"fusion-column-inner-bg-image\"><\/span><\/a><\/span><div class=\"fusion-column-wrapper fusion-column-has-shadow fusion-flex-justify-content-flex-start fusion-content-layout-column\"><div class=\"fusion-image-element \" style=\"text-align:center;--awb-caption-title-font-family:var(--h2_typography-font-family);--awb-caption-title-font-weight:var(--h2_typography-font-weight);--awb-caption-title-font-style:var(--h2_typography-font-style);--awb-caption-title-size:var(--h2_typography-font-size);--awb-caption-title-transform:var(--h2_typography-text-transform);--awb-caption-title-line-height:var(--h2_typography-line-height);--awb-caption-title-letter-spacing:var(--h2_typography-letter-spacing);\"><span class=\" fusion-imageframe imageframe-none imageframe-1 hover-type-none fusion-animated\" style=\"border:2px solid #000000;border-radius:10px;\" data-animationType=\"fadeInRight\" data-animationDuration=\"5.0\" data-animationOffset=\"top-into-view\"><img decoding=\"async\" width=\"505\" height=\"317\" title=\"suedtirol-alto-adige-south-tyrol-guest-pass-bolzano-bozen-card\" src=\"https:\/\/www.advhome.it\/wp-content\/uploads\/suedtirol-alto-adige-south-tyrol-guest-pass-bolzano-bozen-card.jpg\" data-orig-src=\"https:\/\/www.advhome.it\/wp-content\/uploads\/suedtirol-alto-adige-south-tyrol-guest-pass-bolzano-bozen-card.jpg\" alt class=\"lazyload img-responsive wp-image-2567\" srcset=\"data:image\/svg+xml,%3Csvg%20xmlns%3D%27http%3A%2F%2Fwww.w3.org%2F2000%2Fsvg%27%20width%3D%27505%27%20height%3D%27317%27%20viewBox%3D%270%200%20505%20317%27%3E%3Crect%20width%3D%27505%27%20height%3D%27317%27%20fill-opacity%3D%220%22%2F%3E%3C%2Fsvg%3E\" data-srcset=\"https:\/\/www.advhome.it\/wp-content\/uploads\/suedtirol-alto-adige-south-tyrol-guest-pass-bolzano-bozen-card-200x126.jpg 200w, https:\/\/www.advhome.it\/wp-content\/uploads\/suedtirol-alto-adige-south-tyrol-guest-pass-bolzano-bozen-card-400x251.jpg 400w, https:\/\/www.advhome.it\/wp-content\/uploads\/suedtirol-alto-adige-south-tyrol-guest-pass-bolzano-bozen-card.jpg 505w\" data-sizes=\"auto\" data-orig-sizes=\"(max-width: 640px) 100vw, 505px\" \/><\/span><\/div><\/div><\/div><div class=\"fusion-layout-column fusion_builder_column fusion-builder-column-10 fusion_builder_column_1_1 1_1 fusion-flex-column\" style=\"--awb-bg-size:cover;--awb-width-large:100%;--awb-flex-grow:0;--awb-flex-shrink:0;--awb-margin-top-large:40px;--awb-spacing-right-large:1.92%;--awb-margin-bottom-large:20px;--awb-spacing-left-large:1.92%;--awb-width-medium:100%;--awb-order-medium:0;--awb-flex-grow-medium:0;--awb-flex-shrink-medium:0;--awb-spacing-right-medium:1.92%;--awb-spacing-left-medium:1.92%;--awb-width-small:100%;--awb-order-small:0;--awb-flex-grow-small:0;--awb-flex-shrink-small:0;--awb-spacing-right-small:1.92%;--awb-spacing-left-small:1.92%;\" data-scroll-devices=\"small-visibility,medium-visibility,large-visibility\"><div class=\"fusion-column-wrapper fusion-column-has-shadow fusion-flex-justify-content-flex-start fusion-content-layout-column\"><div class=\"fusion-text fusion-text-25\"><p style=\"text-align: center;\"><em>F\u00fcr weitere Details, Einschr\u00e4nkungen und Ausschl\u00fcsse besuchen Sie die Website der <strong><a href=\"https:\/\/guestpass.suedtirol.info\/de\" target=\"_blank\" rel=\"noopener\">Bolzano Bozen Card.<\/a><\/strong><\/em><\/p>\n<\/div><div class=\"fusion-separator\" style=\"align-self: center;margin-left: auto;margin-right: auto;margin-top:50px;width:100%;max-width:30%;\"><div class=\"fusion-separator-border sep-single sep-solid\" style=\"--awb-height:20px;--awb-amount:20px;--awb-sep-color:#247435;border-color:#247435;border-top-width:1px;\"><\/div><\/div><\/div><\/div><\/div><\/div><div class=\"fusion-fullwidth fullwidth-box fusion-builder-row-3-2 fusion-flex-container has-pattern-background has-mask-background hundred-percent-fullwidth non-hundred-percent-height-scrolling\" style=\"--awb-border-radius-top-left:0px;--awb-border-radius-top-right:0px;--awb-border-radius-bottom-right:0px;--awb-border-radius-bottom-left:0px;--awb-padding-bottom:150px;--awb-flex-wrap:wrap;\" ><div class=\"fusion-builder-row fusion-row fusion-flex-align-items-flex-start fusion-flex-content-wrap\" style=\"width:104% !important;max-width:104% !important;margin-left: calc(-4% \/ 2 );margin-right: calc(-4% \/ 2 );\"><div class=\"fusion-layout-column fusion_builder_column fusion-builder-column-11 fusion_builder_column_1_1 1_1 fusion-flex-column\" style=\"--awb-bg-size:cover;--awb-width-large:100%;--awb-flex-grow:0;--awb-flex-shrink:0;--awb-margin-top-large:0px;--awb-spacing-right-large:1.92%;--awb-margin-bottom-large:20px;--awb-spacing-left-large:1.92%;--awb-width-medium:100%;--awb-order-medium:0;--awb-flex-grow-medium:0;--awb-flex-shrink-medium:0;--awb-spacing-right-medium:1.92%;--awb-spacing-left-medium:1.92%;--awb-width-small:100%;--awb-order-small:0;--awb-flex-grow-small:0;--awb-flex-shrink-small:0;--awb-spacing-right-small:1.92%;--awb-spacing-left-small:1.92%;\"><div class=\"fusion-column-wrapper fusion-column-has-shadow fusion-flex-justify-content-flex-start fusion-content-layout-column\"><div class=\"fusion-post-cards fusion-post-cards-1 awb-carousel awb-swiper awb-swiper-carousel awb-swiper-dots-position-bottom\" style=\"--awb-column-spacing:20px;--awb-dots-align:center;--awb-active-filter-border-size:3px;--awb-filters-height:36px;--awb-row-spacing:20px;\" data-autoplay=\"yes\" data-autoplayspeed=\"2500\" data-autoplaypause=\"no\" data-loop=\"yes\" data-columns=\"4\" data-columnsmedium=\"0\" data-columnssmall=\"0\" data-itemmargin=\"20\" data-itemwidth=\"180\" data-touchscroll=\"drag\" data-freemode=\"no\" data-imagesize=\"auto\" data-scrollitems=\"1\" data-mousepointer=\"default\" data-layout=\"carousel\" data-centeredslides=\"no\" data-shadow=\"no\" data-speed=\"500\" data-rotationangle=\"50\" data-depth=\"100\"><div class=\"swiper-wrapper fusion-flex-align-items-flex-start\"><div class=\"fusion_builder_column fusion-builder-column-12 fusion-flex-column fusion-column-inner-bg-wrapper post-card swiper-slide\" style=\"--awb-inner-bg-blend:overlay;--awb-inner-bg-size:cover;--awb-transform:translateY(0px);--awb-transform-hover:translateY(10px);--awb-flex-grow:0;--awb-flex-shrink:0;--awb-flex-grow-medium:0;--awb-flex-shrink-medium:0;--awb-flex-grow-small:0;--awb-flex-shrink-small:0;\" data-scroll-devices=\"small-visibility,medium-visibility,large-visibility\"><span class=\"fusion-column-inner-bg hover-type-none\"><a class=\"fusion-column-anchor\" href=\"https:\/\/www.advhome.it\/de\/dream\"><span class=\"fusion-column-inner-bg-image\"><\/span><\/a><\/span><div class=\"fusion-column-wrapper fusion-column-has-shadow fusion-flex-justify-content-flex-start fusion-content-layout-column fusion-carousel-item-wrapper\"><div class=\"fusion-classic-product-image-wrapper fusion-woo-product-image fusion-post-card-image fusion-post-card-image-1\" data-layout=\"static\" style=\"--awb-border-radius-top-left:5px;--awb-border-radius-top-right:5px;--awb-border-radius-bottom-right:5px;--awb-border-radius-bottom-left:5px;\"><div  class=\"fusion-image-wrapper\" aria-haspopup=\"true\">\n\t\t\t\t\t\t\t<a href=\"https:\/\/www.advhome.it\/de\/dream\" aria-label=\"Dream\">\n\t\t\t\t\t\t\t<img decoding=\"async\" width=\"2560\" height=\"1700\" src=\"https:\/\/www.advhome.it\/wp-content\/uploads\/room1-adv-home-booking-centro-storico-bolzano-italia-mercatini-di-natale-trentino-alto-adige-bnb-affittacemere-hotel-dove-dormire-last-minute-capodanno-vicino-museo-otzi6.jpg\" class=\"attachment-full size-full lazyload wp-post-image\" alt=\"\" srcset=\"data:image\/svg+xml,%3Csvg%20xmlns%3D%27http%3A%2F%2Fwww.w3.org%2F2000%2Fsvg%27%20width%3D%272560%27%20height%3D%271700%27%20viewBox%3D%270%200%202560%201700%27%3E%3Crect%20width%3D%272560%27%20height%3D%271700%27%20fill-opacity%3D%220%22%2F%3E%3C%2Fsvg%3E\" data-orig-src=\"https:\/\/www.advhome.it\/wp-content\/uploads\/room1-adv-home-booking-centro-storico-bolzano-italia-mercatini-di-natale-trentino-alto-adige-bnb-affittacemere-hotel-dove-dormire-last-minute-capodanno-vicino-museo-otzi6.jpg\" data-srcset=\"https:\/\/www.advhome.it\/wp-content\/uploads\/room1-adv-home-booking-centro-storico-bolzano-italia-mercatini-di-natale-trentino-alto-adige-bnb-affittacemere-hotel-dove-dormire-last-minute-capodanno-vicino-museo-otzi6-200x133.jpg 200w, https:\/\/www.advhome.it\/wp-content\/uploads\/room1-adv-home-booking-centro-storico-bolzano-italia-mercatini-di-natale-trentino-alto-adige-bnb-affittacemere-hotel-dove-dormire-last-minute-capodanno-vicino-museo-otzi6-400x266.jpg 400w, https:\/\/www.advhome.it\/wp-content\/uploads\/room1-adv-home-booking-centro-storico-bolzano-italia-mercatini-di-natale-trentino-alto-adige-bnb-affittacemere-hotel-dove-dormire-last-minute-capodanno-vicino-museo-otzi6-600x398.jpg 600w, https:\/\/www.advhome.it\/wp-content\/uploads\/room1-adv-home-booking-centro-storico-bolzano-italia-mercatini-di-natale-trentino-alto-adige-bnb-affittacemere-hotel-dove-dormire-last-minute-capodanno-vicino-museo-otzi6-800x531.jpg 800w, https:\/\/www.advhome.it\/wp-content\/uploads\/room1-adv-home-booking-centro-storico-bolzano-italia-mercatini-di-natale-trentino-alto-adige-bnb-affittacemere-hotel-dove-dormire-last-minute-capodanno-vicino-museo-otzi6-1200x797.jpg 1200w, https:\/\/www.advhome.it\/wp-content\/uploads\/room1-adv-home-booking-centro-storico-bolzano-italia-mercatini-di-natale-trentino-alto-adige-bnb-affittacemere-hotel-dove-dormire-last-minute-capodanno-vicino-museo-otzi6.jpg 2560w\" data-sizes=\"auto\" \/>\t\t\t<\/a>\n\t\t\t\t\t\t\t<\/div>\n<\/div><div class=\"fusion-title title fusion-title-1 fusion-sep-none fusion-title-center fusion-title-text fusion-title-size-five\" style=\"--awb-text-color:var(--awb-color8);--awb-margin-top:20px;--awb-margin-bottom:20px;--awb-margin-top-small:30px;--awb-font-size:17px;\"><h5 class=\"fusion-title-heading title-heading-center\" style=\"font-family:&quot;Merienda&quot;;font-style:normal;font-weight:400;margin:0;text-transform:uppercase;font-size:1em;line-height:1.5;\">Dream<\/h5><\/div><\/div><\/div>\n<div class=\"fusion_builder_column fusion-builder-column-13 fusion-flex-column fusion-column-inner-bg-wrapper post-card swiper-slide\" style=\"--awb-inner-bg-blend:overlay;--awb-inner-bg-size:cover;--awb-transform:translateY(0px);--awb-transform-hover:translateY(10px);--awb-flex-grow:0;--awb-flex-shrink:0;--awb-flex-grow-medium:0;--awb-flex-shrink-medium:0;--awb-flex-grow-small:0;--awb-flex-shrink-small:0;\" data-scroll-devices=\"small-visibility,medium-visibility,large-visibility\"><span class=\"fusion-column-inner-bg hover-type-none\"><a class=\"fusion-column-anchor\" href=\"https:\/\/www.advhome.it\/de\/enjoy\"><span class=\"fusion-column-inner-bg-image\"><\/span><\/a><\/span><div class=\"fusion-column-wrapper fusion-column-has-shadow fusion-flex-justify-content-flex-start fusion-content-layout-column fusion-carousel-item-wrapper\"><div class=\"fusion-classic-product-image-wrapper fusion-woo-product-image fusion-post-card-image fusion-post-card-image-1\" data-layout=\"static\" style=\"--awb-border-radius-top-left:5px;--awb-border-radius-top-right:5px;--awb-border-radius-bottom-right:5px;--awb-border-radius-bottom-left:5px;\"><div  class=\"fusion-image-wrapper\" aria-haspopup=\"true\">\n\t\t\t\t\t\t\t<a href=\"https:\/\/www.advhome.it\/de\/enjoy\" aria-label=\"Enjoy\">\n\t\t\t\t\t\t\t<img decoding=\"async\" width=\"2560\" height=\"1700\" src=\"https:\/\/www.advhome.it\/wp-content\/uploads\/room2-adv-home-booking-centro-storico-bolzano-italia-mercatini-di-natale-trentino-alto-adige-bnb-affittacemere-hotel-dove-dormire-last-minute-capodanno-vicino-museo-otzi7.jpg\" class=\"attachment-full size-full lazyload wp-post-image\" alt=\"\" srcset=\"data:image\/svg+xml,%3Csvg%20xmlns%3D%27http%3A%2F%2Fwww.w3.org%2F2000%2Fsvg%27%20width%3D%272560%27%20height%3D%271700%27%20viewBox%3D%270%200%202560%201700%27%3E%3Crect%20width%3D%272560%27%20height%3D%271700%27%20fill-opacity%3D%220%22%2F%3E%3C%2Fsvg%3E\" data-orig-src=\"https:\/\/www.advhome.it\/wp-content\/uploads\/room2-adv-home-booking-centro-storico-bolzano-italia-mercatini-di-natale-trentino-alto-adige-bnb-affittacemere-hotel-dove-dormire-last-minute-capodanno-vicino-museo-otzi7.jpg\" data-srcset=\"https:\/\/www.advhome.it\/wp-content\/uploads\/room2-adv-home-booking-centro-storico-bolzano-italia-mercatini-di-natale-trentino-alto-adige-bnb-affittacemere-hotel-dove-dormire-last-minute-capodanno-vicino-museo-otzi7-200x133.jpg 200w, https:\/\/www.advhome.it\/wp-content\/uploads\/room2-adv-home-booking-centro-storico-bolzano-italia-mercatini-di-natale-trentino-alto-adige-bnb-affittacemere-hotel-dove-dormire-last-minute-capodanno-vicino-museo-otzi7-400x266.jpg 400w, https:\/\/www.advhome.it\/wp-content\/uploads\/room2-adv-home-booking-centro-storico-bolzano-italia-mercatini-di-natale-trentino-alto-adige-bnb-affittacemere-hotel-dove-dormire-last-minute-capodanno-vicino-museo-otzi7-600x398.jpg 600w, https:\/\/www.advhome.it\/wp-content\/uploads\/room2-adv-home-booking-centro-storico-bolzano-italia-mercatini-di-natale-trentino-alto-adige-bnb-affittacemere-hotel-dove-dormire-last-minute-capodanno-vicino-museo-otzi7-800x531.jpg 800w, https:\/\/www.advhome.it\/wp-content\/uploads\/room2-adv-home-booking-centro-storico-bolzano-italia-mercatini-di-natale-trentino-alto-adige-bnb-affittacemere-hotel-dove-dormire-last-minute-capodanno-vicino-museo-otzi7-1200x797.jpg 1200w, https:\/\/www.advhome.it\/wp-content\/uploads\/room2-adv-home-booking-centro-storico-bolzano-italia-mercatini-di-natale-trentino-alto-adige-bnb-affittacemere-hotel-dove-dormire-last-minute-capodanno-vicino-museo-otzi7.jpg 2560w\" data-sizes=\"auto\" \/>\t\t\t<\/a>\n\t\t\t\t\t\t\t<\/div>\n<\/div><div class=\"fusion-title title fusion-title-2 fusion-sep-none fusion-title-center fusion-title-text fusion-title-size-five\" style=\"--awb-text-color:var(--awb-color8);--awb-margin-top:20px;--awb-margin-bottom:20px;--awb-margin-top-small:30px;--awb-font-size:17px;\"><h5 class=\"fusion-title-heading title-heading-center\" style=\"font-family:&quot;Merienda&quot;;font-style:normal;font-weight:400;margin:0;text-transform:uppercase;font-size:1em;line-height:1.5;\">Enjoy<\/h5><\/div><\/div><\/div>\n<div class=\"fusion_builder_column fusion-builder-column-14 fusion-flex-column fusion-column-inner-bg-wrapper post-card swiper-slide\" style=\"--awb-inner-bg-blend:overlay;--awb-inner-bg-size:cover;--awb-transform:translateY(0px);--awb-transform-hover:translateY(10px);--awb-flex-grow:0;--awb-flex-shrink:0;--awb-flex-grow-medium:0;--awb-flex-shrink-medium:0;--awb-flex-grow-small:0;--awb-flex-shrink-small:0;\" data-scroll-devices=\"small-visibility,medium-visibility,large-visibility\"><span class=\"fusion-column-inner-bg hover-type-none\"><a class=\"fusion-column-anchor\" href=\"https:\/\/www.advhome.it\/de\/relax\"><span class=\"fusion-column-inner-bg-image\"><\/span><\/a><\/span><div class=\"fusion-column-wrapper fusion-column-has-shadow fusion-flex-justify-content-flex-start fusion-content-layout-column fusion-carousel-item-wrapper\"><div class=\"fusion-classic-product-image-wrapper fusion-woo-product-image fusion-post-card-image fusion-post-card-image-1\" data-layout=\"static\" style=\"--awb-border-radius-top-left:5px;--awb-border-radius-top-right:5px;--awb-border-radius-bottom-right:5px;--awb-border-radius-bottom-left:5px;\"><div  class=\"fusion-image-wrapper\" aria-haspopup=\"true\">\n\t\t\t\t\t\t\t<a href=\"https:\/\/www.advhome.it\/de\/relax\" aria-label=\"Relax\">\n\t\t\t\t\t\t\t<img decoding=\"async\" width=\"2560\" height=\"1700\" src=\"https:\/\/www.advhome.it\/wp-content\/uploads\/room3-adv-home-booking-centro-storico-bolzano-italia-mercatini-di-natale-trentino-alto-adige-bnb-affittacemere-hotel-dove-dormire-last-minute-capodanno-vicino-museo-otzi3.jpg\" class=\"attachment-full size-full lazyload wp-post-image\" alt=\"\" srcset=\"data:image\/svg+xml,%3Csvg%20xmlns%3D%27http%3A%2F%2Fwww.w3.org%2F2000%2Fsvg%27%20width%3D%272560%27%20height%3D%271700%27%20viewBox%3D%270%200%202560%201700%27%3E%3Crect%20width%3D%272560%27%20height%3D%271700%27%20fill-opacity%3D%220%22%2F%3E%3C%2Fsvg%3E\" data-orig-src=\"https:\/\/www.advhome.it\/wp-content\/uploads\/room3-adv-home-booking-centro-storico-bolzano-italia-mercatini-di-natale-trentino-alto-adige-bnb-affittacemere-hotel-dove-dormire-last-minute-capodanno-vicino-museo-otzi3.jpg\" data-srcset=\"https:\/\/www.advhome.it\/wp-content\/uploads\/room3-adv-home-booking-centro-storico-bolzano-italia-mercatini-di-natale-trentino-alto-adige-bnb-affittacemere-hotel-dove-dormire-last-minute-capodanno-vicino-museo-otzi3-200x133.jpg 200w, https:\/\/www.advhome.it\/wp-content\/uploads\/room3-adv-home-booking-centro-storico-bolzano-italia-mercatini-di-natale-trentino-alto-adige-bnb-affittacemere-hotel-dove-dormire-last-minute-capodanno-vicino-museo-otzi3-400x266.jpg 400w, https:\/\/www.advhome.it\/wp-content\/uploads\/room3-adv-home-booking-centro-storico-bolzano-italia-mercatini-di-natale-trentino-alto-adige-bnb-affittacemere-hotel-dove-dormire-last-minute-capodanno-vicino-museo-otzi3-600x398.jpg 600w, https:\/\/www.advhome.it\/wp-content\/uploads\/room3-adv-home-booking-centro-storico-bolzano-italia-mercatini-di-natale-trentino-alto-adige-bnb-affittacemere-hotel-dove-dormire-last-minute-capodanno-vicino-museo-otzi3-800x531.jpg 800w, https:\/\/www.advhome.it\/wp-content\/uploads\/room3-adv-home-booking-centro-storico-bolzano-italia-mercatini-di-natale-trentino-alto-adige-bnb-affittacemere-hotel-dove-dormire-last-minute-capodanno-vicino-museo-otzi3-1200x797.jpg 1200w, https:\/\/www.advhome.it\/wp-content\/uploads\/room3-adv-home-booking-centro-storico-bolzano-italia-mercatini-di-natale-trentino-alto-adige-bnb-affittacemere-hotel-dove-dormire-last-minute-capodanno-vicino-museo-otzi3.jpg 2560w\" data-sizes=\"auto\" \/>\t\t\t<\/a>\n\t\t\t\t\t\t\t<\/div>\n<\/div><div class=\"fusion-title title fusion-title-3 fusion-sep-none fusion-title-center fusion-title-text fusion-title-size-five\" style=\"--awb-text-color:var(--awb-color8);--awb-margin-top:20px;--awb-margin-bottom:20px;--awb-margin-top-small:30px;--awb-font-size:17px;\"><h5 class=\"fusion-title-heading title-heading-center\" style=\"font-family:&quot;Merienda&quot;;font-style:normal;font-weight:400;margin:0;text-transform:uppercase;font-size:1em;line-height:1.5;\">Relax<\/h5><\/div><\/div><\/div>\n<div class=\"fusion_builder_column fusion-builder-column-15 fusion-flex-column fusion-column-inner-bg-wrapper post-card swiper-slide\" style=\"--awb-inner-bg-blend:overlay;--awb-inner-bg-size:cover;--awb-transform:translateY(0px);--awb-transform-hover:translateY(10px);--awb-flex-grow:0;--awb-flex-shrink:0;--awb-flex-grow-medium:0;--awb-flex-shrink-medium:0;--awb-flex-grow-small:0;--awb-flex-shrink-small:0;\" data-scroll-devices=\"small-visibility,medium-visibility,large-visibility\"><span class=\"fusion-column-inner-bg hover-type-none\"><a class=\"fusion-column-anchor\" href=\"https:\/\/www.advhome.it\/de\/rest\"><span class=\"fusion-column-inner-bg-image\"><\/span><\/a><\/span><div class=\"fusion-column-wrapper fusion-column-has-shadow fusion-flex-justify-content-flex-start fusion-content-layout-column fusion-carousel-item-wrapper\"><div class=\"fusion-classic-product-image-wrapper fusion-woo-product-image fusion-post-card-image fusion-post-card-image-1\" data-layout=\"static\" style=\"--awb-border-radius-top-left:5px;--awb-border-radius-top-right:5px;--awb-border-radius-bottom-right:5px;--awb-border-radius-bottom-left:5px;\"><div  class=\"fusion-image-wrapper\" aria-haspopup=\"true\">\n\t\t\t\t\t\t\t<a href=\"https:\/\/www.advhome.it\/de\/rest\" aria-label=\"Rest\">\n\t\t\t\t\t\t\t<img decoding=\"async\" width=\"2560\" height=\"1700\" src=\"https:\/\/www.advhome.it\/wp-content\/uploads\/room4-adv-home-booking-centro-storico-bolzano-italia-mercatini-di-natale-trentino-alto-adige-bnb-affittacemere-hotel-dove-dormire-last-minute-capodanno-vicino-museo-otzi3.jpg\" class=\"attachment-full size-full lazyload wp-post-image\" alt=\"\" srcset=\"data:image\/svg+xml,%3Csvg%20xmlns%3D%27http%3A%2F%2Fwww.w3.org%2F2000%2Fsvg%27%20width%3D%272560%27%20height%3D%271700%27%20viewBox%3D%270%200%202560%201700%27%3E%3Crect%20width%3D%272560%27%20height%3D%271700%27%20fill-opacity%3D%220%22%2F%3E%3C%2Fsvg%3E\" data-orig-src=\"https:\/\/www.advhome.it\/wp-content\/uploads\/room4-adv-home-booking-centro-storico-bolzano-italia-mercatini-di-natale-trentino-alto-adige-bnb-affittacemere-hotel-dove-dormire-last-minute-capodanno-vicino-museo-otzi3.jpg\" data-srcset=\"https:\/\/www.advhome.it\/wp-content\/uploads\/room4-adv-home-booking-centro-storico-bolzano-italia-mercatini-di-natale-trentino-alto-adige-bnb-affittacemere-hotel-dove-dormire-last-minute-capodanno-vicino-museo-otzi3-200x133.jpg 200w, https:\/\/www.advhome.it\/wp-content\/uploads\/room4-adv-home-booking-centro-storico-bolzano-italia-mercatini-di-natale-trentino-alto-adige-bnb-affittacemere-hotel-dove-dormire-last-minute-capodanno-vicino-museo-otzi3-400x266.jpg 400w, https:\/\/www.advhome.it\/wp-content\/uploads\/room4-adv-home-booking-centro-storico-bolzano-italia-mercatini-di-natale-trentino-alto-adige-bnb-affittacemere-hotel-dove-dormire-last-minute-capodanno-vicino-museo-otzi3-600x398.jpg 600w, https:\/\/www.advhome.it\/wp-content\/uploads\/room4-adv-home-booking-centro-storico-bolzano-italia-mercatini-di-natale-trentino-alto-adige-bnb-affittacemere-hotel-dove-dormire-last-minute-capodanno-vicino-museo-otzi3-800x531.jpg 800w, https:\/\/www.advhome.it\/wp-content\/uploads\/room4-adv-home-booking-centro-storico-bolzano-italia-mercatini-di-natale-trentino-alto-adige-bnb-affittacemere-hotel-dove-dormire-last-minute-capodanno-vicino-museo-otzi3-1200x797.jpg 1200w, https:\/\/www.advhome.it\/wp-content\/uploads\/room4-adv-home-booking-centro-storico-bolzano-italia-mercatini-di-natale-trentino-alto-adige-bnb-affittacemere-hotel-dove-dormire-last-minute-capodanno-vicino-museo-otzi3.jpg 2560w\" data-sizes=\"auto\" \/>\t\t\t<\/a>\n\t\t\t\t\t\t\t<\/div>\n<\/div><div class=\"fusion-title title fusion-title-4 fusion-sep-none fusion-title-center fusion-title-text fusion-title-size-five\" style=\"--awb-text-color:var(--awb-color8);--awb-margin-top:20px;--awb-margin-bottom:20px;--awb-margin-top-small:30px;--awb-font-size:17px;\"><h5 class=\"fusion-title-heading title-heading-center\" style=\"font-family:&quot;Merienda&quot;;font-style:normal;font-weight:400;margin:0;text-transform:uppercase;font-size:1em;line-height:1.5;\">Rest<\/h5><\/div><\/div><\/div>\n<div class=\"fusion_builder_column fusion-builder-column-16 fusion-flex-column fusion-column-inner-bg-wrapper post-card swiper-slide\" style=\"--awb-inner-bg-blend:overlay;--awb-inner-bg-size:cover;--awb-transform:translateY(0px);--awb-transform-hover:translateY(10px);--awb-flex-grow:0;--awb-flex-shrink:0;--awb-flex-grow-medium:0;--awb-flex-shrink-medium:0;--awb-flex-grow-small:0;--awb-flex-shrink-small:0;\" data-scroll-devices=\"small-visibility,medium-visibility,large-visibility\"><span class=\"fusion-column-inner-bg hover-type-none\"><a class=\"fusion-column-anchor\" href=\"https:\/\/www.advhome.it\/de\/stay\"><span class=\"fusion-column-inner-bg-image\"><\/span><\/a><\/span><div class=\"fusion-column-wrapper fusion-column-has-shadow fusion-flex-justify-content-flex-start fusion-content-layout-column fusion-carousel-item-wrapper\"><div class=\"fusion-classic-product-image-wrapper fusion-woo-product-image fusion-post-card-image fusion-post-card-image-1\" data-layout=\"static\" style=\"--awb-border-radius-top-left:5px;--awb-border-radius-top-right:5px;--awb-border-radius-bottom-right:5px;--awb-border-radius-bottom-left:5px;\"><div  class=\"fusion-image-wrapper\" aria-haspopup=\"true\">\n\t\t\t\t\t\t\t<a href=\"https:\/\/www.advhome.it\/de\/stay\" aria-label=\"Stay\">\n\t\t\t\t\t\t\t<img decoding=\"async\" width=\"2560\" height=\"1700\" src=\"https:\/\/www.advhome.it\/wp-content\/uploads\/room5-adv-home-booking-centro-storico-bolzano-italia-mercatini-di-natale-trentino-alto-adige-bnb-affittacemere-hotel-dove-dormire-last-minute-capodanno-vicino-museo-otzi2.jpg\" class=\"attachment-full size-full lazyload wp-post-image\" alt=\"\" srcset=\"data:image\/svg+xml,%3Csvg%20xmlns%3D%27http%3A%2F%2Fwww.w3.org%2F2000%2Fsvg%27%20width%3D%272560%27%20height%3D%271700%27%20viewBox%3D%270%200%202560%201700%27%3E%3Crect%20width%3D%272560%27%20height%3D%271700%27%20fill-opacity%3D%220%22%2F%3E%3C%2Fsvg%3E\" data-orig-src=\"https:\/\/www.advhome.it\/wp-content\/uploads\/room5-adv-home-booking-centro-storico-bolzano-italia-mercatini-di-natale-trentino-alto-adige-bnb-affittacemere-hotel-dove-dormire-last-minute-capodanno-vicino-museo-otzi2.jpg\" data-srcset=\"https:\/\/www.advhome.it\/wp-content\/uploads\/room5-adv-home-booking-centro-storico-bolzano-italia-mercatini-di-natale-trentino-alto-adige-bnb-affittacemere-hotel-dove-dormire-last-minute-capodanno-vicino-museo-otzi2-200x133.jpg 200w, https:\/\/www.advhome.it\/wp-content\/uploads\/room5-adv-home-booking-centro-storico-bolzano-italia-mercatini-di-natale-trentino-alto-adige-bnb-affittacemere-hotel-dove-dormire-last-minute-capodanno-vicino-museo-otzi2-400x266.jpg 400w, https:\/\/www.advhome.it\/wp-content\/uploads\/room5-adv-home-booking-centro-storico-bolzano-italia-mercatini-di-natale-trentino-alto-adige-bnb-affittacemere-hotel-dove-dormire-last-minute-capodanno-vicino-museo-otzi2-600x398.jpg 600w, https:\/\/www.advhome.it\/wp-content\/uploads\/room5-adv-home-booking-centro-storico-bolzano-italia-mercatini-di-natale-trentino-alto-adige-bnb-affittacemere-hotel-dove-dormire-last-minute-capodanno-vicino-museo-otzi2-800x531.jpg 800w, https:\/\/www.advhome.it\/wp-content\/uploads\/room5-adv-home-booking-centro-storico-bolzano-italia-mercatini-di-natale-trentino-alto-adige-bnb-affittacemere-hotel-dove-dormire-last-minute-capodanno-vicino-museo-otzi2-1200x797.jpg 1200w, https:\/\/www.advhome.it\/wp-content\/uploads\/room5-adv-home-booking-centro-storico-bolzano-italia-mercatini-di-natale-trentino-alto-adige-bnb-affittacemere-hotel-dove-dormire-last-minute-capodanno-vicino-museo-otzi2.jpg 2560w\" data-sizes=\"auto\" \/>\t\t\t<\/a>\n\t\t\t\t\t\t\t<\/div>\n<\/div><div class=\"fusion-title title fusion-title-5 fusion-sep-none fusion-title-center fusion-title-text fusion-title-size-five\" style=\"--awb-text-color:var(--awb-color8);--awb-margin-top:20px;--awb-margin-bottom:20px;--awb-margin-top-small:30px;--awb-font-size:17px;\"><h5 class=\"fusion-title-heading title-heading-center\" style=\"font-family:&quot;Merienda&quot;;font-style:normal;font-weight:400;margin:0;text-transform:uppercase;font-size:1em;line-height:1.5;\">Stay<\/h5><\/div><\/div><\/div>\n<\/div><div class=\"awb-swiper-button awb-swiper-button-prev\"><i class=\"awb-icon-angle-left\" aria-hidden=\"true\"><\/i><\/div><div class=\"awb-swiper-button awb-swiper-button-next\"><i class=\"awb-icon-angle-right\" aria-hidden=\"true\"><\/i><\/div><\/div><\/div><\/div><\/div><\/div><\/p>\n<\/div><\/div><div class=\"fusion-clearfix\"><\/div><\/article>\n<\/div><\/div><\/div><\/div><\/div><\/div><div class=\"fusion-fullwidth fullwidth-box fusion-builder-row-4 fusion-flex-container has-pattern-background has-mask-background art-cont-attstagioni nonhundred-percent-fullwidth non-hundred-percent-height-scrolling\" style=\"--awb-border-radius-top-left:0px;--awb-border-radius-top-right:0px;--awb-border-radius-bottom-right:0px;--awb-border-radius-bottom-left:0px;--awb-flex-wrap:wrap;\" ><div class=\"fusion-builder-row fusion-row fusion-flex-align-items-flex-start fusion-flex-content-wrap\" style=\"max-width:1352px;margin-left: calc(-4% \/ 2 );margin-right: calc(-4% \/ 2 );\"><div class=\"fusion-layout-column fusion_builder_column fusion-builder-column-17 fusion_builder_column_1_1 1_1 fusion-flex-column\" style=\"--awb-bg-size:cover;--awb-width-large:100%;--awb-flex-grow:0;--awb-flex-shrink:0;--awb-margin-top-large:0px;--awb-spacing-right-large:0px;--awb-margin-bottom-large:0px;--awb-spacing-left-large:0px;--awb-width-medium:100%;--awb-order-medium:0;--awb-flex-grow-medium:0;--awb-flex-shrink-medium:0;--awb-spacing-right-medium:0px;--awb-spacing-left-medium:0px;--awb-width-small:100%;--awb-order-small:0;--awb-flex-grow-small:0;--awb-flex-shrink-small:0;--awb-spacing-right-small:1.92%;--awb-spacing-left-small:1.92%;\" data-scroll-devices=\"small-visibility,medium-visibility,large-visibility\"><div class=\"fusion-column-wrapper fusion-column-has-shadow fusion-flex-justify-content-flex-start fusion-content-layout-column\"><div class=\"fusion-blog-shortcode fusion-blog-shortcode-2 fusion-blog-archive fusion-blog-layout-large fusion-blog-pagination fusion-blog-no-images\"><div class=\"fusion-posts-container fusion-posts-container-pagination fusion-no-meta-info\" data-pages=\"1\"><article id=\"blog-2-post-3040\" class=\"fusion-post-large post-3040 post type-post status-publish format-standard hentry category-rich-attstagioni-de\">\n<div class=\"fusion-post-content post-content\"><div class=\"fusion-post-content-container\"><div class=\"fusion-fullwidth fullwidth-box fusion-builder-row-4-1 fusion-flex-container has-pattern-background has-mask-background attivita-cont-richiami nonhundred-percent-fullwidth non-hundred-percent-height-scrolling\" style=\"--awb-border-radius-top-left:0px;--awb-border-radius-top-right:0px;--awb-border-radius-bottom-right:0px;--awb-border-radius-bottom-left:0px;--awb-flex-wrap:wrap;\" ><div class=\"fusion-builder-row fusion-row fusion-flex-align-items-flex-start fusion-flex-content-wrap\" style=\"width:104% !important;max-width:104% !important;margin-left: calc(-4% \/ 2 );margin-right: calc(-4% \/ 2 );\"><div class=\"fusion-layout-column fusion_builder_column fusion-builder-column-18 fusion_builder_column_1_1 1_1 fusion-flex-column\" style=\"--awb-bg-size:cover;--awb-width-large:100%;--awb-flex-grow:0;--awb-flex-shrink:0;--awb-margin-top-large:0px;--awb-spacing-right-large:1.92%;--awb-margin-bottom-large:20px;--awb-spacing-left-large:1.92%;--awb-width-medium:100%;--awb-order-medium:0;--awb-flex-grow-medium:0;--awb-flex-shrink-medium:0;--awb-spacing-right-medium:1.92%;--awb-spacing-left-medium:1.92%;--awb-width-small:100%;--awb-order-small:0;--awb-flex-grow-small:0;--awb-flex-shrink-small:0;--awb-spacing-right-small:1.92%;--awb-spacing-left-small:1.92%;\"><div class=\"fusion-column-wrapper fusion-column-has-shadow fusion-flex-justify-content-flex-start fusion-content-layout-column\"><div class=\"fusion-text fusion-text-26\"><h3 style=\"text-align: center;\">Bozen in den vier Jahreszeiten<\/h3>\n<\/div><div class=\"fusion-post-cards fusion-post-cards-2 fusion-grid-archive fusion-grid-columns-4\" style=\"--awb-column-spacing:20px;--awb-dots-align:center;--awb-filters-color:var(--awb-color6);--awb-active-filter-border-size:3px;--awb-filters-height:36px;--awb-row-spacing:20px;\"><ul class=\"fusion-grid fusion-grid-4 fusion-flex-align-items-stretch fusion-grid-posts-cards\"><li class=\"fusion-layout-column fusion_builder_column fusion-builder-column-19 fusion-flex-column fusion-column-inner-bg-wrapper post-card fusion-grid-column fusion-post-cards-grid-column\" style=\"--awb-inner-bg-blend:overlay;--awb-inner-bg-size:cover;--awb-transform:translateY(0px);--awb-transform-hover:translateY(10px);--awb-flex-grow:0;--awb-flex-shrink:0;--awb-flex-grow-medium:0;--awb-flex-shrink-medium:0;--awb-flex-grow-small:0;--awb-flex-shrink-small:0;\" data-scroll-devices=\"small-visibility,medium-visibility,large-visibility\"><span class=\"fusion-column-inner-bg hover-type-none\"><a class=\"fusion-column-anchor\" href=\"https:\/\/www.advhome.it\/de\/fruehling-in-bozen-suedtirol\"><span class=\"fusion-column-inner-bg-image\"><\/span><\/a><\/span><div class=\"fusion-column-wrapper fusion-column-has-shadow fusion-flex-justify-content-flex-start fusion-content-layout-column\"><div class=\"fusion-classic-product-image-wrapper fusion-woo-product-image fusion-post-card-image fusion-post-card-image-1\" data-layout=\"static\" style=\"--awb-border-radius-top-left:5px;--awb-border-radius-top-right:5px;--awb-border-radius-bottom-right:5px;--awb-border-radius-bottom-left:5px;\"><div  class=\"fusion-image-wrapper\" aria-haspopup=\"true\">\n\t\t\t\t<img decoding=\"async\" width=\"2560\" height=\"1700\" src=\"https:\/\/www.advhome.it\/wp-content\/uploads\/primavera-adv-home-centro-storico-bolzano-italia-mercatini-di-natale-trentino-alto-adige-museo-archeologico-duomo-piazza-walther-passeggiata-vigneti-funivia-renon-dolomiti.jpg\" class=\"attachment-full size-full lazyload wp-post-image\" alt=\"\" srcset=\"data:image\/svg+xml,%3Csvg%20xmlns%3D%27http%3A%2F%2Fwww.w3.org%2F2000%2Fsvg%27%20width%3D%272560%27%20height%3D%271700%27%20viewBox%3D%270%200%202560%201700%27%3E%3Crect%20width%3D%272560%27%20height%3D%271700%27%20fill-opacity%3D%220%22%2F%3E%3C%2Fsvg%3E\" data-orig-src=\"https:\/\/www.advhome.it\/wp-content\/uploads\/primavera-adv-home-centro-storico-bolzano-italia-mercatini-di-natale-trentino-alto-adige-museo-archeologico-duomo-piazza-walther-passeggiata-vigneti-funivia-renon-dolomiti.jpg\" data-srcset=\"https:\/\/www.advhome.it\/wp-content\/uploads\/primavera-adv-home-centro-storico-bolzano-italia-mercatini-di-natale-trentino-alto-adige-museo-archeologico-duomo-piazza-walther-passeggiata-vigneti-funivia-renon-dolomiti-200x133.jpg 200w, https:\/\/www.advhome.it\/wp-content\/uploads\/primavera-adv-home-centro-storico-bolzano-italia-mercatini-di-natale-trentino-alto-adige-museo-archeologico-duomo-piazza-walther-passeggiata-vigneti-funivia-renon-dolomiti-400x266.jpg 400w, https:\/\/www.advhome.it\/wp-content\/uploads\/primavera-adv-home-centro-storico-bolzano-italia-mercatini-di-natale-trentino-alto-adige-museo-archeologico-duomo-piazza-walther-passeggiata-vigneti-funivia-renon-dolomiti-600x398.jpg 600w, https:\/\/www.advhome.it\/wp-content\/uploads\/primavera-adv-home-centro-storico-bolzano-italia-mercatini-di-natale-trentino-alto-adige-museo-archeologico-duomo-piazza-walther-passeggiata-vigneti-funivia-renon-dolomiti-800x531.jpg 800w, https:\/\/www.advhome.it\/wp-content\/uploads\/primavera-adv-home-centro-storico-bolzano-italia-mercatini-di-natale-trentino-alto-adige-museo-archeologico-duomo-piazza-walther-passeggiata-vigneti-funivia-renon-dolomiti-1200x797.jpg 1200w, https:\/\/www.advhome.it\/wp-content\/uploads\/primavera-adv-home-centro-storico-bolzano-italia-mercatini-di-natale-trentino-alto-adige-museo-archeologico-duomo-piazza-walther-passeggiata-vigneti-funivia-renon-dolomiti.jpg 2560w\" data-sizes=\"auto\" \/><\/div>\n<\/div><div class=\"fusion-title title fusion-title-6 fusion-title-center fusion-title-text fusion-title-size-five\" style=\"--awb-text-color:var(--awb-color8);--awb-margin-top:20px;--awb-margin-bottom:20px;--awb-margin-top-small:30px;--awb-font-size:17px;\"><div class=\"title-sep-container title-sep-container-left\"><div class=\"title-sep sep-single sep-solid\" style=\"border-color:#e2e2e2;\"><\/div><\/div><span class=\"awb-title-spacer\"><\/span><h5 class=\"fusion-title-heading title-heading-center\" style=\"font-family:&quot;Open Sans&quot;;font-style:normal;font-weight:400;margin:0;text-transform:uppercase;font-size:1em;line-height:1.5;\">Fr\u00fchling in Bozen &#8211; S\u00fcdtirol<\/h5><span class=\"awb-title-spacer\"><\/span><div class=\"title-sep-container title-sep-container-right\"><div class=\"title-sep sep-single sep-solid\" style=\"border-color:#e2e2e2;\"><\/div><\/div><\/div><\/div><\/li>\n<li class=\"fusion-layout-column fusion_builder_column fusion-builder-column-20 fusion-flex-column fusion-column-inner-bg-wrapper post-card fusion-grid-column fusion-post-cards-grid-column\" style=\"--awb-inner-bg-blend:overlay;--awb-inner-bg-size:cover;--awb-transform:translateY(0px);--awb-transform-hover:translateY(10px);--awb-flex-grow:0;--awb-flex-shrink:0;--awb-flex-grow-medium:0;--awb-flex-shrink-medium:0;--awb-flex-grow-small:0;--awb-flex-shrink-small:0;\" data-scroll-devices=\"small-visibility,medium-visibility,large-visibility\"><span class=\"fusion-column-inner-bg hover-type-none\"><a class=\"fusion-column-anchor\" href=\"https:\/\/www.advhome.it\/de\/sommer-in-bozen-suedtirol\"><span class=\"fusion-column-inner-bg-image\"><\/span><\/a><\/span><div class=\"fusion-column-wrapper fusion-column-has-shadow fusion-flex-justify-content-flex-start fusion-content-layout-column\"><div class=\"fusion-classic-product-image-wrapper fusion-woo-product-image fusion-post-card-image fusion-post-card-image-1\" data-layout=\"static\" style=\"--awb-border-radius-top-left:5px;--awb-border-radius-top-right:5px;--awb-border-radius-bottom-right:5px;--awb-border-radius-bottom-left:5px;\"><div  class=\"fusion-image-wrapper\" aria-haspopup=\"true\">\n\t\t\t\t<img decoding=\"async\" width=\"2560\" height=\"1700\" src=\"https:\/\/www.advhome.it\/wp-content\/uploads\/1-estate-adv-home-centro-storico-bolzano-italia-mercatini-di-natale-trentino-alto-adige-museo-archeologico-duomo-piazza-walther-passeggiata-vigneti-funivia-renon-dolomiti2.jpg\" class=\"attachment-full size-full lazyload wp-post-image\" alt=\"\" srcset=\"data:image\/svg+xml,%3Csvg%20xmlns%3D%27http%3A%2F%2Fwww.w3.org%2F2000%2Fsvg%27%20width%3D%272560%27%20height%3D%271700%27%20viewBox%3D%270%200%202560%201700%27%3E%3Crect%20width%3D%272560%27%20height%3D%271700%27%20fill-opacity%3D%220%22%2F%3E%3C%2Fsvg%3E\" data-orig-src=\"https:\/\/www.advhome.it\/wp-content\/uploads\/1-estate-adv-home-centro-storico-bolzano-italia-mercatini-di-natale-trentino-alto-adige-museo-archeologico-duomo-piazza-walther-passeggiata-vigneti-funivia-renon-dolomiti2.jpg\" data-srcset=\"https:\/\/www.advhome.it\/wp-content\/uploads\/1-estate-adv-home-centro-storico-bolzano-italia-mercatini-di-natale-trentino-alto-adige-museo-archeologico-duomo-piazza-walther-passeggiata-vigneti-funivia-renon-dolomiti2-200x133.jpg 200w, https:\/\/www.advhome.it\/wp-content\/uploads\/1-estate-adv-home-centro-storico-bolzano-italia-mercatini-di-natale-trentino-alto-adige-museo-archeologico-duomo-piazza-walther-passeggiata-vigneti-funivia-renon-dolomiti2-400x266.jpg 400w, https:\/\/www.advhome.it\/wp-content\/uploads\/1-estate-adv-home-centro-storico-bolzano-italia-mercatini-di-natale-trentino-alto-adige-museo-archeologico-duomo-piazza-walther-passeggiata-vigneti-funivia-renon-dolomiti2-600x398.jpg 600w, https:\/\/www.advhome.it\/wp-content\/uploads\/1-estate-adv-home-centro-storico-bolzano-italia-mercatini-di-natale-trentino-alto-adige-museo-archeologico-duomo-piazza-walther-passeggiata-vigneti-funivia-renon-dolomiti2-800x531.jpg 800w, https:\/\/www.advhome.it\/wp-content\/uploads\/1-estate-adv-home-centro-storico-bolzano-italia-mercatini-di-natale-trentino-alto-adige-museo-archeologico-duomo-piazza-walther-passeggiata-vigneti-funivia-renon-dolomiti2-1200x797.jpg 1200w, https:\/\/www.advhome.it\/wp-content\/uploads\/1-estate-adv-home-centro-storico-bolzano-italia-mercatini-di-natale-trentino-alto-adige-museo-archeologico-duomo-piazza-walther-passeggiata-vigneti-funivia-renon-dolomiti2.jpg 2560w\" data-sizes=\"auto\" \/><\/div>\n<\/div><div class=\"fusion-title title fusion-title-7 fusion-title-center fusion-title-text fusion-title-size-five\" style=\"--awb-text-color:var(--awb-color8);--awb-margin-top:20px;--awb-margin-bottom:20px;--awb-margin-top-small:30px;--awb-font-size:17px;\"><div class=\"title-sep-container title-sep-container-left\"><div class=\"title-sep sep-single sep-solid\" style=\"border-color:#e2e2e2;\"><\/div><\/div><span class=\"awb-title-spacer\"><\/span><h5 class=\"fusion-title-heading title-heading-center\" style=\"font-family:&quot;Open Sans&quot;;font-style:normal;font-weight:400;margin:0;text-transform:uppercase;font-size:1em;line-height:1.5;\">Sommer in Bozen &#8211; S\u00fcdtirol<\/h5><span class=\"awb-title-spacer\"><\/span><div class=\"title-sep-container title-sep-container-right\"><div class=\"title-sep sep-single sep-solid\" style=\"border-color:#e2e2e2;\"><\/div><\/div><\/div><\/div><\/li>\n<li class=\"fusion-layout-column fusion_builder_column fusion-builder-column-21 fusion-flex-column fusion-column-inner-bg-wrapper post-card fusion-grid-column fusion-post-cards-grid-column\" style=\"--awb-inner-bg-blend:overlay;--awb-inner-bg-size:cover;--awb-transform:translateY(0px);--awb-transform-hover:translateY(10px);--awb-flex-grow:0;--awb-flex-shrink:0;--awb-flex-grow-medium:0;--awb-flex-shrink-medium:0;--awb-flex-grow-small:0;--awb-flex-shrink-small:0;\" data-scroll-devices=\"small-visibility,medium-visibility,large-visibility\"><span class=\"fusion-column-inner-bg hover-type-none\"><a class=\"fusion-column-anchor\" href=\"https:\/\/www.advhome.it\/de\/herbst-in-bozen-suedtirol\"><span class=\"fusion-column-inner-bg-image\"><\/span><\/a><\/span><div class=\"fusion-column-wrapper fusion-column-has-shadow fusion-flex-justify-content-flex-start fusion-content-layout-column\"><div class=\"fusion-classic-product-image-wrapper fusion-woo-product-image fusion-post-card-image fusion-post-card-image-1\" data-layout=\"static\" style=\"--awb-border-radius-top-left:5px;--awb-border-radius-top-right:5px;--awb-border-radius-bottom-right:5px;--awb-border-radius-bottom-left:5px;\"><div  class=\"fusion-image-wrapper\" aria-haspopup=\"true\">\n\t\t\t\t<img decoding=\"async\" width=\"2560\" height=\"1700\" src=\"https:\/\/www.advhome.it\/wp-content\/uploads\/autunno-adv-home-centro-storico-bolzano-italia-booking-trentino-alto-adige-museo-archeologico-duomo-piazza-walther-passeggiata-vigneti-funivia-renon-dolomiti.jpg\" class=\"attachment-full size-full lazyload wp-post-image\" alt=\"\" srcset=\"data:image\/svg+xml,%3Csvg%20xmlns%3D%27http%3A%2F%2Fwww.w3.org%2F2000%2Fsvg%27%20width%3D%272560%27%20height%3D%271700%27%20viewBox%3D%270%200%202560%201700%27%3E%3Crect%20width%3D%272560%27%20height%3D%271700%27%20fill-opacity%3D%220%22%2F%3E%3C%2Fsvg%3E\" data-orig-src=\"https:\/\/www.advhome.it\/wp-content\/uploads\/autunno-adv-home-centro-storico-bolzano-italia-booking-trentino-alto-adige-museo-archeologico-duomo-piazza-walther-passeggiata-vigneti-funivia-renon-dolomiti.jpg\" data-srcset=\"https:\/\/www.advhome.it\/wp-content\/uploads\/autunno-adv-home-centro-storico-bolzano-italia-booking-trentino-alto-adige-museo-archeologico-duomo-piazza-walther-passeggiata-vigneti-funivia-renon-dolomiti-200x133.jpg 200w, https:\/\/www.advhome.it\/wp-content\/uploads\/autunno-adv-home-centro-storico-bolzano-italia-booking-trentino-alto-adige-museo-archeologico-duomo-piazza-walther-passeggiata-vigneti-funivia-renon-dolomiti-400x266.jpg 400w, https:\/\/www.advhome.it\/wp-content\/uploads\/autunno-adv-home-centro-storico-bolzano-italia-booking-trentino-alto-adige-museo-archeologico-duomo-piazza-walther-passeggiata-vigneti-funivia-renon-dolomiti-600x398.jpg 600w, https:\/\/www.advhome.it\/wp-content\/uploads\/autunno-adv-home-centro-storico-bolzano-italia-booking-trentino-alto-adige-museo-archeologico-duomo-piazza-walther-passeggiata-vigneti-funivia-renon-dolomiti-800x531.jpg 800w, https:\/\/www.advhome.it\/wp-content\/uploads\/autunno-adv-home-centro-storico-bolzano-italia-booking-trentino-alto-adige-museo-archeologico-duomo-piazza-walther-passeggiata-vigneti-funivia-renon-dolomiti-1200x797.jpg 1200w, https:\/\/www.advhome.it\/wp-content\/uploads\/autunno-adv-home-centro-storico-bolzano-italia-booking-trentino-alto-adige-museo-archeologico-duomo-piazza-walther-passeggiata-vigneti-funivia-renon-dolomiti.jpg 2560w\" data-sizes=\"auto\" \/><\/div>\n<\/div><div class=\"fusion-title title fusion-title-8 fusion-title-center fusion-title-text fusion-title-size-five\" style=\"--awb-text-color:var(--awb-color8);--awb-margin-top:20px;--awb-margin-bottom:20px;--awb-margin-top-small:30px;--awb-font-size:17px;\"><div class=\"title-sep-container title-sep-container-left\"><div class=\"title-sep sep-single sep-solid\" style=\"border-color:#e2e2e2;\"><\/div><\/div><span class=\"awb-title-spacer\"><\/span><h5 class=\"fusion-title-heading title-heading-center\" style=\"font-family:&quot;Open Sans&quot;;font-style:normal;font-weight:400;margin:0;text-transform:uppercase;font-size:1em;line-height:1.5;\">Herbst in Bozen &#8211; S\u00fcdtirol<\/h5><span class=\"awb-title-spacer\"><\/span><div class=\"title-sep-container title-sep-container-right\"><div class=\"title-sep sep-single sep-solid\" style=\"border-color:#e2e2e2;\"><\/div><\/div><\/div><\/div><\/li>\n<li class=\"fusion-layout-column fusion_builder_column fusion-builder-column-22 fusion-flex-column fusion-column-inner-bg-wrapper post-card fusion-grid-column fusion-post-cards-grid-column\" style=\"--awb-inner-bg-blend:overlay;--awb-inner-bg-size:cover;--awb-transform:translateY(0px);--awb-transform-hover:translateY(10px);--awb-flex-grow:0;--awb-flex-shrink:0;--awb-flex-grow-medium:0;--awb-flex-shrink-medium:0;--awb-flex-grow-small:0;--awb-flex-shrink-small:0;\" data-scroll-devices=\"small-visibility,medium-visibility,large-visibility\"><span class=\"fusion-column-inner-bg hover-type-none\"><a class=\"fusion-column-anchor\" href=\"https:\/\/www.advhome.it\/de\/winter-bozen-suedtirol\"><span class=\"fusion-column-inner-bg-image\"><\/span><\/a><\/span><div class=\"fusion-column-wrapper fusion-column-has-shadow fusion-flex-justify-content-flex-start fusion-content-layout-column\"><div class=\"fusion-classic-product-image-wrapper fusion-woo-product-image fusion-post-card-image fusion-post-card-image-1\" data-layout=\"static\" style=\"--awb-border-radius-top-left:5px;--awb-border-radius-top-right:5px;--awb-border-radius-bottom-right:5px;--awb-border-radius-bottom-left:5px;\"><div  class=\"fusion-image-wrapper\" aria-haspopup=\"true\">\n\t\t\t\t<img decoding=\"async\" width=\"2560\" height=\"1700\" src=\"https:\/\/www.advhome.it\/wp-content\/uploads\/inverno-adv-home-centro-storico-bolzano-italia-mercatini-di-natale-trentino-alto-adige-museo-archeologico-duomo-piazza-walther-passeggiata-vigneti-funivia-renon-dolomiti2.jpg\" class=\"attachment-full size-full lazyload wp-post-image\" alt=\"\" srcset=\"data:image\/svg+xml,%3Csvg%20xmlns%3D%27http%3A%2F%2Fwww.w3.org%2F2000%2Fsvg%27%20width%3D%272560%27%20height%3D%271700%27%20viewBox%3D%270%200%202560%201700%27%3E%3Crect%20width%3D%272560%27%20height%3D%271700%27%20fill-opacity%3D%220%22%2F%3E%3C%2Fsvg%3E\" data-orig-src=\"https:\/\/www.advhome.it\/wp-content\/uploads\/inverno-adv-home-centro-storico-bolzano-italia-mercatini-di-natale-trentino-alto-adige-museo-archeologico-duomo-piazza-walther-passeggiata-vigneti-funivia-renon-dolomiti2.jpg\" data-srcset=\"https:\/\/www.advhome.it\/wp-content\/uploads\/inverno-adv-home-centro-storico-bolzano-italia-mercatini-di-natale-trentino-alto-adige-museo-archeologico-duomo-piazza-walther-passeggiata-vigneti-funivia-renon-dolomiti2-200x133.jpg 200w, https:\/\/www.advhome.it\/wp-content\/uploads\/inverno-adv-home-centro-storico-bolzano-italia-mercatini-di-natale-trentino-alto-adige-museo-archeologico-duomo-piazza-walther-passeggiata-vigneti-funivia-renon-dolomiti2-400x266.jpg 400w, https:\/\/www.advhome.it\/wp-content\/uploads\/inverno-adv-home-centro-storico-bolzano-italia-mercatini-di-natale-trentino-alto-adige-museo-archeologico-duomo-piazza-walther-passeggiata-vigneti-funivia-renon-dolomiti2-600x398.jpg 600w, https:\/\/www.advhome.it\/wp-content\/uploads\/inverno-adv-home-centro-storico-bolzano-italia-mercatini-di-natale-trentino-alto-adige-museo-archeologico-duomo-piazza-walther-passeggiata-vigneti-funivia-renon-dolomiti2-800x531.jpg 800w, https:\/\/www.advhome.it\/wp-content\/uploads\/inverno-adv-home-centro-storico-bolzano-italia-mercatini-di-natale-trentino-alto-adige-museo-archeologico-duomo-piazza-walther-passeggiata-vigneti-funivia-renon-dolomiti2-1200x797.jpg 1200w, https:\/\/www.advhome.it\/wp-content\/uploads\/inverno-adv-home-centro-storico-bolzano-italia-mercatini-di-natale-trentino-alto-adige-museo-archeologico-duomo-piazza-walther-passeggiata-vigneti-funivia-renon-dolomiti2.jpg 2560w\" data-sizes=\"auto\" \/><\/div>\n<\/div><div class=\"fusion-title title fusion-title-9 fusion-title-center fusion-title-text fusion-title-size-five\" style=\"--awb-text-color:var(--awb-color8);--awb-margin-top:20px;--awb-margin-bottom:20px;--awb-margin-top-small:30px;--awb-font-size:17px;\"><div class=\"title-sep-container title-sep-container-left\"><div class=\"title-sep sep-single sep-solid\" style=\"border-color:#e2e2e2;\"><\/div><\/div><span class=\"awb-title-spacer\"><\/span><h5 class=\"fusion-title-heading title-heading-center\" style=\"font-family:&quot;Open Sans&quot;;font-style:normal;font-weight:400;margin:0;text-transform:uppercase;font-size:1em;line-height:1.5;\">Winter Bozen &#8211; S\u00fcdtirol<\/h5><span class=\"awb-title-spacer\"><\/span><div class=\"title-sep-container title-sep-container-right\"><div class=\"title-sep sep-single sep-solid\" style=\"border-color:#e2e2e2;\"><\/div><\/div><\/div><\/div><\/li>\n<\/ul><\/div><\/div><\/div><div class=\"fusion-layout-column fusion_builder_column fusion-builder-column-23 fusion_builder_column_1_1 1_1 fusion-flex-column\" style=\"--awb-bg-size:cover;--awb-width-large:100%;--awb-flex-grow:0;--awb-flex-shrink:0;--awb-margin-top-large:0px;--awb-spacing-right-large:1.92%;--awb-margin-bottom-large:20px;--awb-spacing-left-large:1.92%;--awb-width-medium:100%;--awb-order-medium:0;--awb-flex-grow-medium:0;--awb-flex-shrink-medium:0;--awb-spacing-right-medium:1.92%;--awb-spacing-left-medium:1.92%;--awb-width-small:100%;--awb-order-small:0;--awb-flex-grow-small:0;--awb-flex-shrink-small:0;--awb-spacing-right-small:1.92%;--awb-spacing-left-small:1.92%;\"><div class=\"fusion-column-wrapper fusion-column-has-shadow fusion-flex-justify-content-flex-start fusion-content-layout-column\"><div class=\"fusion-text fusion-text-27\"><h3 style=\"text-align: center;\">S\u00fcdtirol besuchen<\/h3>\n<\/div><div class=\"fusion-post-cards fusion-post-cards-3 fusion-grid-archive fusion-grid-columns-3\" style=\"--awb-arrow-bgcolor:rgba(153,153,153,0);--awb-arrow-color:var(--awb-color6);--awb-column-spacing:20px;--awb-dots-align:center;--awb-columns:3;--awb-filters-color:var(--awb-color6);--awb-active-filter-border-size:3px;--awb-filters-height:36px;--awb-row-spacing:20px;\"><ul class=\"fusion-grid fusion-grid-3 fusion-flex-align-items-stretch fusion-grid-posts-cards\"><li class=\"fusion-layout-column fusion_builder_column fusion-builder-column-24 fusion-flex-column fusion-column-inner-bg-wrapper post-card fusion-grid-column fusion-post-cards-grid-column\" style=\"--awb-inner-bg-blend:overlay;--awb-inner-bg-size:cover;--awb-transform:translateY(0px);--awb-transform-hover:translateY(10px);--awb-flex-grow:0;--awb-flex-shrink:0;--awb-flex-grow-medium:0;--awb-flex-shrink-medium:0;--awb-flex-grow-small:0;--awb-flex-shrink-small:0;\" data-scroll-devices=\"small-visibility,medium-visibility,large-visibility\"><span class=\"fusion-column-inner-bg hover-type-none\"><a class=\"fusion-column-anchor\" href=\"https:\/\/www.advhome.it\/de\/die-altstadt-von-bozen-suedtirol\"><span class=\"fusion-column-inner-bg-image\"><\/span><\/a><\/span><div class=\"fusion-column-wrapper fusion-column-has-shadow fusion-flex-justify-content-flex-start fusion-content-layout-column\"><div class=\"fusion-classic-product-image-wrapper fusion-woo-product-image fusion-post-card-image fusion-post-card-image-1\" data-layout=\"static\" style=\"--awb-border-radius-top-left:5px;--awb-border-radius-top-right:5px;--awb-border-radius-bottom-right:5px;--awb-border-radius-bottom-left:5px;\"><div  class=\"fusion-image-wrapper\" aria-haspopup=\"true\">\n\t\t\t\t<img decoding=\"async\" width=\"2560\" height=\"1700\" src=\"https:\/\/www.advhome.it\/wp-content\/uploads\/centro-storico-adv-home-bolzano-italia-mercatini-di-natale-trentino-alto-adige-museo-archeologico-duomo-piazza-walther-passeggiata-vigneti-funivia-renon-dolomiti.jpg\" class=\"attachment-full size-full lazyload wp-post-image\" alt=\"\" srcset=\"data:image\/svg+xml,%3Csvg%20xmlns%3D%27http%3A%2F%2Fwww.w3.org%2F2000%2Fsvg%27%20width%3D%272560%27%20height%3D%271700%27%20viewBox%3D%270%200%202560%201700%27%3E%3Crect%20width%3D%272560%27%20height%3D%271700%27%20fill-opacity%3D%220%22%2F%3E%3C%2Fsvg%3E\" data-orig-src=\"https:\/\/www.advhome.it\/wp-content\/uploads\/centro-storico-adv-home-bolzano-italia-mercatini-di-natale-trentino-alto-adige-museo-archeologico-duomo-piazza-walther-passeggiata-vigneti-funivia-renon-dolomiti.jpg\" data-srcset=\"https:\/\/www.advhome.it\/wp-content\/uploads\/centro-storico-adv-home-bolzano-italia-mercatini-di-natale-trentino-alto-adige-museo-archeologico-duomo-piazza-walther-passeggiata-vigneti-funivia-renon-dolomiti-200x133.jpg 200w, https:\/\/www.advhome.it\/wp-content\/uploads\/centro-storico-adv-home-bolzano-italia-mercatini-di-natale-trentino-alto-adige-museo-archeologico-duomo-piazza-walther-passeggiata-vigneti-funivia-renon-dolomiti-400x266.jpg 400w, https:\/\/www.advhome.it\/wp-content\/uploads\/centro-storico-adv-home-bolzano-italia-mercatini-di-natale-trentino-alto-adige-museo-archeologico-duomo-piazza-walther-passeggiata-vigneti-funivia-renon-dolomiti-600x398.jpg 600w, https:\/\/www.advhome.it\/wp-content\/uploads\/centro-storico-adv-home-bolzano-italia-mercatini-di-natale-trentino-alto-adige-museo-archeologico-duomo-piazza-walther-passeggiata-vigneti-funivia-renon-dolomiti-800x531.jpg 800w, https:\/\/www.advhome.it\/wp-content\/uploads\/centro-storico-adv-home-bolzano-italia-mercatini-di-natale-trentino-alto-adige-museo-archeologico-duomo-piazza-walther-passeggiata-vigneti-funivia-renon-dolomiti-1200x797.jpg 1200w, https:\/\/www.advhome.it\/wp-content\/uploads\/centro-storico-adv-home-bolzano-italia-mercatini-di-natale-trentino-alto-adige-museo-archeologico-duomo-piazza-walther-passeggiata-vigneti-funivia-renon-dolomiti.jpg 2560w\" data-sizes=\"auto\" \/><\/div>\n<\/div><div class=\"fusion-title title fusion-title-10 fusion-title-center fusion-title-text fusion-title-size-five\" style=\"--awb-text-color:var(--awb-color8);--awb-margin-top:20px;--awb-margin-bottom:20px;--awb-margin-top-small:30px;--awb-font-size:17px;\"><div class=\"title-sep-container title-sep-container-left\"><div class=\"title-sep sep-single sep-solid\" style=\"border-color:#e2e2e2;\"><\/div><\/div><span class=\"awb-title-spacer\"><\/span><h5 class=\"fusion-title-heading title-heading-center\" style=\"font-family:&quot;Open Sans&quot;;font-style:normal;font-weight:400;margin:0;text-transform:uppercase;font-size:1em;line-height:1.5;\">Die Altstadt von Bozen &#8211; S\u00fcdtirol<\/h5><span class=\"awb-title-spacer\"><\/span><div class=\"title-sep-container title-sep-container-right\"><div class=\"title-sep sep-single sep-solid\" style=\"border-color:#e2e2e2;\"><\/div><\/div><\/div><\/div><\/li>\n<li class=\"fusion-layout-column fusion_builder_column fusion-builder-column-25 fusion-flex-column fusion-column-inner-bg-wrapper post-card fusion-grid-column fusion-post-cards-grid-column\" style=\"--awb-inner-bg-blend:overlay;--awb-inner-bg-size:cover;--awb-transform:translateY(0px);--awb-transform-hover:translateY(10px);--awb-flex-grow:0;--awb-flex-shrink:0;--awb-flex-grow-medium:0;--awb-flex-shrink-medium:0;--awb-flex-grow-small:0;--awb-flex-shrink-small:0;\" data-scroll-devices=\"small-visibility,medium-visibility,large-visibility\"><span class=\"fusion-column-inner-bg hover-type-none\"><a class=\"fusion-column-anchor\" href=\"https:\/\/www.advhome.it\/de\/colle-renon-und-san-genesio-suedtirol\"><span class=\"fusion-column-inner-bg-image\"><\/span><\/a><\/span><div class=\"fusion-column-wrapper fusion-column-has-shadow fusion-flex-justify-content-flex-start fusion-content-layout-column\"><div class=\"fusion-classic-product-image-wrapper fusion-woo-product-image fusion-post-card-image fusion-post-card-image-1\" data-layout=\"static\" style=\"--awb-border-radius-top-left:5px;--awb-border-radius-top-right:5px;--awb-border-radius-bottom-right:5px;--awb-border-radius-bottom-left:5px;\"><div  class=\"fusion-image-wrapper\" aria-haspopup=\"true\">\n\t\t\t\t<img decoding=\"async\" width=\"2560\" height=\"1700\" src=\"https:\/\/www.advhome.it\/wp-content\/uploads\/funivie-colle-renon-san-genesio-adv-home-bolzano-italia-trentino-alto-adige-museo-archeologico-duomo-piazza-walther-passeggiata-vigneti-funivia-renon-dolomiti.jpg\" class=\"attachment-full size-full lazyload wp-post-image\" alt=\"\" srcset=\"data:image\/svg+xml,%3Csvg%20xmlns%3D%27http%3A%2F%2Fwww.w3.org%2F2000%2Fsvg%27%20width%3D%272560%27%20height%3D%271700%27%20viewBox%3D%270%200%202560%201700%27%3E%3Crect%20width%3D%272560%27%20height%3D%271700%27%20fill-opacity%3D%220%22%2F%3E%3C%2Fsvg%3E\" data-orig-src=\"https:\/\/www.advhome.it\/wp-content\/uploads\/funivie-colle-renon-san-genesio-adv-home-bolzano-italia-trentino-alto-adige-museo-archeologico-duomo-piazza-walther-passeggiata-vigneti-funivia-renon-dolomiti.jpg\" data-srcset=\"https:\/\/www.advhome.it\/wp-content\/uploads\/funivie-colle-renon-san-genesio-adv-home-bolzano-italia-trentino-alto-adige-museo-archeologico-duomo-piazza-walther-passeggiata-vigneti-funivia-renon-dolomiti-200x133.jpg 200w, https:\/\/www.advhome.it\/wp-content\/uploads\/funivie-colle-renon-san-genesio-adv-home-bolzano-italia-trentino-alto-adige-museo-archeologico-duomo-piazza-walther-passeggiata-vigneti-funivia-renon-dolomiti-400x266.jpg 400w, https:\/\/www.advhome.it\/wp-content\/uploads\/funivie-colle-renon-san-genesio-adv-home-bolzano-italia-trentino-alto-adige-museo-archeologico-duomo-piazza-walther-passeggiata-vigneti-funivia-renon-dolomiti-600x398.jpg 600w, https:\/\/www.advhome.it\/wp-content\/uploads\/funivie-colle-renon-san-genesio-adv-home-bolzano-italia-trentino-alto-adige-museo-archeologico-duomo-piazza-walther-passeggiata-vigneti-funivia-renon-dolomiti-800x531.jpg 800w, https:\/\/www.advhome.it\/wp-content\/uploads\/funivie-colle-renon-san-genesio-adv-home-bolzano-italia-trentino-alto-adige-museo-archeologico-duomo-piazza-walther-passeggiata-vigneti-funivia-renon-dolomiti-1200x797.jpg 1200w, https:\/\/www.advhome.it\/wp-content\/uploads\/funivie-colle-renon-san-genesio-adv-home-bolzano-italia-trentino-alto-adige-museo-archeologico-duomo-piazza-walther-passeggiata-vigneti-funivia-renon-dolomiti.jpg 2560w\" data-sizes=\"auto\" \/><\/div>\n<\/div><div class=\"fusion-title title fusion-title-11 fusion-title-center fusion-title-text fusion-title-size-five\" style=\"--awb-text-color:var(--awb-color8);--awb-margin-top:20px;--awb-margin-bottom:20px;--awb-margin-top-small:30px;--awb-font-size:17px;\"><div class=\"title-sep-container title-sep-container-left\"><div class=\"title-sep sep-single sep-solid\" style=\"border-color:#e2e2e2;\"><\/div><\/div><span class=\"awb-title-spacer\"><\/span><h5 class=\"fusion-title-heading title-heading-center\" style=\"font-family:&quot;Open Sans&quot;;font-style:normal;font-weight:400;margin:0;text-transform:uppercase;font-size:1em;line-height:1.5;\">Colle, Renon und San Genesio &#8211; S\u00fcdtirol<\/h5><span class=\"awb-title-spacer\"><\/span><div class=\"title-sep-container title-sep-container-right\"><div class=\"title-sep sep-single sep-solid\" style=\"border-color:#e2e2e2;\"><\/div><\/div><\/div><\/div><\/li>\n<li class=\"fusion-layout-column fusion_builder_column fusion-builder-column-26 fusion-flex-column fusion-column-inner-bg-wrapper post-card fusion-grid-column fusion-post-cards-grid-column\" style=\"--awb-inner-bg-blend:overlay;--awb-inner-bg-size:cover;--awb-transform:translateY(0px);--awb-transform-hover:translateY(10px);--awb-flex-grow:0;--awb-flex-shrink:0;--awb-flex-grow-medium:0;--awb-flex-shrink-medium:0;--awb-flex-grow-small:0;--awb-flex-shrink-small:0;\" data-scroll-devices=\"small-visibility,medium-visibility,large-visibility\"><span class=\"fusion-column-inner-bg hover-type-none\"><a class=\"fusion-column-anchor\" href=\"https:\/\/www.advhome.it\/de\/seen-suedtirol\"><span class=\"fusion-column-inner-bg-image\"><\/span><\/a><\/span><div class=\"fusion-column-wrapper fusion-column-has-shadow fusion-flex-justify-content-flex-start fusion-content-layout-column\"><div class=\"fusion-classic-product-image-wrapper fusion-woo-product-image fusion-post-card-image fusion-post-card-image-1\" data-layout=\"static\" style=\"--awb-border-radius-top-left:5px;--awb-border-radius-top-right:5px;--awb-border-radius-bottom-right:5px;--awb-border-radius-bottom-left:5px;\"><div  class=\"fusion-image-wrapper\" aria-haspopup=\"true\">\n\t\t\t\t<img decoding=\"async\" width=\"2560\" height=\"1700\" src=\"https:\/\/www.advhome.it\/wp-content\/uploads\/laghi-adv-home-centro-storico-bolzano-italia-mercatini-di-natale-trentino-alto-adige-museo-archeologico-duomo-piazza-walther-passeggiata-vigneti-funivia-renon-dolomiti3.jpg\" class=\"attachment-full size-full lazyload wp-post-image\" alt=\"\" srcset=\"data:image\/svg+xml,%3Csvg%20xmlns%3D%27http%3A%2F%2Fwww.w3.org%2F2000%2Fsvg%27%20width%3D%272560%27%20height%3D%271700%27%20viewBox%3D%270%200%202560%201700%27%3E%3Crect%20width%3D%272560%27%20height%3D%271700%27%20fill-opacity%3D%220%22%2F%3E%3C%2Fsvg%3E\" data-orig-src=\"https:\/\/www.advhome.it\/wp-content\/uploads\/laghi-adv-home-centro-storico-bolzano-italia-mercatini-di-natale-trentino-alto-adige-museo-archeologico-duomo-piazza-walther-passeggiata-vigneti-funivia-renon-dolomiti3.jpg\" data-srcset=\"https:\/\/www.advhome.it\/wp-content\/uploads\/laghi-adv-home-centro-storico-bolzano-italia-mercatini-di-natale-trentino-alto-adige-museo-archeologico-duomo-piazza-walther-passeggiata-vigneti-funivia-renon-dolomiti3-200x133.jpg 200w, https:\/\/www.advhome.it\/wp-content\/uploads\/laghi-adv-home-centro-storico-bolzano-italia-mercatini-di-natale-trentino-alto-adige-museo-archeologico-duomo-piazza-walther-passeggiata-vigneti-funivia-renon-dolomiti3-400x266.jpg 400w, https:\/\/www.advhome.it\/wp-content\/uploads\/laghi-adv-home-centro-storico-bolzano-italia-mercatini-di-natale-trentino-alto-adige-museo-archeologico-duomo-piazza-walther-passeggiata-vigneti-funivia-renon-dolomiti3-600x398.jpg 600w, https:\/\/www.advhome.it\/wp-content\/uploads\/laghi-adv-home-centro-storico-bolzano-italia-mercatini-di-natale-trentino-alto-adige-museo-archeologico-duomo-piazza-walther-passeggiata-vigneti-funivia-renon-dolomiti3-800x531.jpg 800w, https:\/\/www.advhome.it\/wp-content\/uploads\/laghi-adv-home-centro-storico-bolzano-italia-mercatini-di-natale-trentino-alto-adige-museo-archeologico-duomo-piazza-walther-passeggiata-vigneti-funivia-renon-dolomiti3-1200x797.jpg 1200w, https:\/\/www.advhome.it\/wp-content\/uploads\/laghi-adv-home-centro-storico-bolzano-italia-mercatini-di-natale-trentino-alto-adige-museo-archeologico-duomo-piazza-walther-passeggiata-vigneti-funivia-renon-dolomiti3.jpg 2560w\" data-sizes=\"auto\" \/><\/div>\n<\/div><div class=\"fusion-title title fusion-title-12 fusion-title-center fusion-title-text fusion-title-size-five\" style=\"--awb-text-color:var(--awb-color8);--awb-margin-top:20px;--awb-margin-bottom:20px;--awb-margin-top-small:30px;--awb-font-size:17px;\"><div class=\"title-sep-container title-sep-container-left\"><div class=\"title-sep sep-single sep-solid\" style=\"border-color:#e2e2e2;\"><\/div><\/div><span class=\"awb-title-spacer\"><\/span><h5 class=\"fusion-title-heading title-heading-center\" style=\"font-family:&quot;Open Sans&quot;;font-style:normal;font-weight:400;margin:0;text-transform:uppercase;font-size:1em;line-height:1.5;\">Seen &#8211; S\u00fcdtirol<\/h5><span class=\"awb-title-spacer\"><\/span><div class=\"title-sep-container title-sep-container-right\"><div class=\"title-sep sep-single sep-solid\" style=\"border-color:#e2e2e2;\"><\/div><\/div><\/div><\/div><\/li>\n<li class=\"fusion-layout-column fusion_builder_column fusion-builder-column-27 fusion-flex-column fusion-column-inner-bg-wrapper post-card fusion-grid-column fusion-post-cards-grid-column\" style=\"--awb-inner-bg-blend:overlay;--awb-inner-bg-size:cover;--awb-transform:translateY(0px);--awb-transform-hover:translateY(10px);--awb-flex-grow:0;--awb-flex-shrink:0;--awb-flex-grow-medium:0;--awb-flex-shrink-medium:0;--awb-flex-grow-small:0;--awb-flex-shrink-small:0;\" data-scroll-devices=\"small-visibility,medium-visibility,large-visibility\"><span class=\"fusion-column-inner-bg hover-type-none\"><a class=\"fusion-column-anchor\" href=\"https:\/\/www.advhome.it\/de\/museen-bozen-suedtirol\"><span class=\"fusion-column-inner-bg-image\"><\/span><\/a><\/span><div class=\"fusion-column-wrapper fusion-column-has-shadow fusion-flex-justify-content-flex-start fusion-content-layout-column\"><div class=\"fusion-classic-product-image-wrapper fusion-woo-product-image fusion-post-card-image fusion-post-card-image-1\" data-layout=\"static\" style=\"--awb-border-radius-top-left:5px;--awb-border-radius-top-right:5px;--awb-border-radius-bottom-right:5px;--awb-border-radius-bottom-left:5px;\"><div  class=\"fusion-image-wrapper\" aria-haspopup=\"true\">\n\t\t\t\t<img decoding=\"async\" width=\"2560\" height=\"1700\" src=\"https:\/\/www.advhome.it\/wp-content\/uploads\/museo-adv-home-centro-storico-bolzano-italia-mercatini-di-natale-trentino-alto-adige-museo-archeologico-duomo-piazza-walther-passeggiata-vigneti-funivia-renon-dolomiti2.jpg\" class=\"attachment-full size-full lazyload wp-post-image\" alt=\"\" srcset=\"data:image\/svg+xml,%3Csvg%20xmlns%3D%27http%3A%2F%2Fwww.w3.org%2F2000%2Fsvg%27%20width%3D%272560%27%20height%3D%271700%27%20viewBox%3D%270%200%202560%201700%27%3E%3Crect%20width%3D%272560%27%20height%3D%271700%27%20fill-opacity%3D%220%22%2F%3E%3C%2Fsvg%3E\" data-orig-src=\"https:\/\/www.advhome.it\/wp-content\/uploads\/museo-adv-home-centro-storico-bolzano-italia-mercatini-di-natale-trentino-alto-adige-museo-archeologico-duomo-piazza-walther-passeggiata-vigneti-funivia-renon-dolomiti2.jpg\" data-srcset=\"https:\/\/www.advhome.it\/wp-content\/uploads\/museo-adv-home-centro-storico-bolzano-italia-mercatini-di-natale-trentino-alto-adige-museo-archeologico-duomo-piazza-walther-passeggiata-vigneti-funivia-renon-dolomiti2-200x133.jpg 200w, https:\/\/www.advhome.it\/wp-content\/uploads\/museo-adv-home-centro-storico-bolzano-italia-mercatini-di-natale-trentino-alto-adige-museo-archeologico-duomo-piazza-walther-passeggiata-vigneti-funivia-renon-dolomiti2-400x266.jpg 400w, https:\/\/www.advhome.it\/wp-content\/uploads\/museo-adv-home-centro-storico-bolzano-italia-mercatini-di-natale-trentino-alto-adige-museo-archeologico-duomo-piazza-walther-passeggiata-vigneti-funivia-renon-dolomiti2-600x398.jpg 600w, https:\/\/www.advhome.it\/wp-content\/uploads\/museo-adv-home-centro-storico-bolzano-italia-mercatini-di-natale-trentino-alto-adige-museo-archeologico-duomo-piazza-walther-passeggiata-vigneti-funivia-renon-dolomiti2-800x531.jpg 800w, https:\/\/www.advhome.it\/wp-content\/uploads\/museo-adv-home-centro-storico-bolzano-italia-mercatini-di-natale-trentino-alto-adige-museo-archeologico-duomo-piazza-walther-passeggiata-vigneti-funivia-renon-dolomiti2-1200x797.jpg 1200w, https:\/\/www.advhome.it\/wp-content\/uploads\/museo-adv-home-centro-storico-bolzano-italia-mercatini-di-natale-trentino-alto-adige-museo-archeologico-duomo-piazza-walther-passeggiata-vigneti-funivia-renon-dolomiti2.jpg 2560w\" data-sizes=\"auto\" \/><\/div>\n<\/div><div class=\"fusion-title title fusion-title-13 fusion-title-center fusion-title-text fusion-title-size-five\" style=\"--awb-text-color:var(--awb-color8);--awb-margin-top:20px;--awb-margin-bottom:20px;--awb-margin-top-small:30px;--awb-font-size:17px;\"><div class=\"title-sep-container title-sep-container-left\"><div class=\"title-sep sep-single sep-solid\" style=\"border-color:#e2e2e2;\"><\/div><\/div><span class=\"awb-title-spacer\"><\/span><h5 class=\"fusion-title-heading title-heading-center\" style=\"font-family:&quot;Open Sans&quot;;font-style:normal;font-weight:400;margin:0;text-transform:uppercase;font-size:1em;line-height:1.5;\">Museen Bozen S\u00fcdtirol<\/h5><span class=\"awb-title-spacer\"><\/span><div class=\"title-sep-container title-sep-container-right\"><div class=\"title-sep sep-single sep-solid\" style=\"border-color:#e2e2e2;\"><\/div><\/div><\/div><\/div><\/li>\n<li class=\"fusion-layout-column fusion_builder_column fusion-builder-column-28 fusion-flex-column fusion-column-inner-bg-wrapper post-card fusion-grid-column fusion-post-cards-grid-column\" style=\"--awb-inner-bg-blend:overlay;--awb-inner-bg-size:cover;--awb-transform:translateY(0px);--awb-transform-hover:translateY(10px);--awb-flex-grow:0;--awb-flex-shrink:0;--awb-flex-grow-medium:0;--awb-flex-shrink-medium:0;--awb-flex-grow-small:0;--awb-flex-shrink-small:0;\" data-scroll-devices=\"small-visibility,medium-visibility,large-visibility\"><span class=\"fusion-column-inner-bg hover-type-none\"><a class=\"fusion-column-anchor\" href=\"https:\/\/www.advhome.it\/de\/kirchen-bozen-suedtirol\"><span class=\"fusion-column-inner-bg-image\"><\/span><\/a><\/span><div class=\"fusion-column-wrapper fusion-column-has-shadow fusion-flex-justify-content-flex-start fusion-content-layout-column\"><div class=\"fusion-classic-product-image-wrapper fusion-woo-product-image fusion-post-card-image fusion-post-card-image-1\" data-layout=\"static\" style=\"--awb-border-radius-top-left:5px;--awb-border-radius-top-right:5px;--awb-border-radius-bottom-right:5px;--awb-border-radius-bottom-left:5px;\"><div  class=\"fusion-image-wrapper\" aria-haspopup=\"true\">\n\t\t\t\t<img decoding=\"async\" width=\"2560\" height=\"1700\" src=\"https:\/\/www.advhome.it\/wp-content\/uploads\/chiese-adv-home-centro-storico-bolzano-italia-mercatini-di-natale-trentino-alto-adige-museo-archeologico-duomo-piazza-walther-passeggiata-vigneti-funivia-renon-dolomiti.jpg\" class=\"attachment-full size-full lazyload wp-post-image\" alt=\"\" srcset=\"data:image\/svg+xml,%3Csvg%20xmlns%3D%27http%3A%2F%2Fwww.w3.org%2F2000%2Fsvg%27%20width%3D%272560%27%20height%3D%271700%27%20viewBox%3D%270%200%202560%201700%27%3E%3Crect%20width%3D%272560%27%20height%3D%271700%27%20fill-opacity%3D%220%22%2F%3E%3C%2Fsvg%3E\" data-orig-src=\"https:\/\/www.advhome.it\/wp-content\/uploads\/chiese-adv-home-centro-storico-bolzano-italia-mercatini-di-natale-trentino-alto-adige-museo-archeologico-duomo-piazza-walther-passeggiata-vigneti-funivia-renon-dolomiti.jpg\" data-srcset=\"https:\/\/www.advhome.it\/wp-content\/uploads\/chiese-adv-home-centro-storico-bolzano-italia-mercatini-di-natale-trentino-alto-adige-museo-archeologico-duomo-piazza-walther-passeggiata-vigneti-funivia-renon-dolomiti-200x133.jpg 200w, https:\/\/www.advhome.it\/wp-content\/uploads\/chiese-adv-home-centro-storico-bolzano-italia-mercatini-di-natale-trentino-alto-adige-museo-archeologico-duomo-piazza-walther-passeggiata-vigneti-funivia-renon-dolomiti-400x266.jpg 400w, https:\/\/www.advhome.it\/wp-content\/uploads\/chiese-adv-home-centro-storico-bolzano-italia-mercatini-di-natale-trentino-alto-adige-museo-archeologico-duomo-piazza-walther-passeggiata-vigneti-funivia-renon-dolomiti-600x398.jpg 600w, https:\/\/www.advhome.it\/wp-content\/uploads\/chiese-adv-home-centro-storico-bolzano-italia-mercatini-di-natale-trentino-alto-adige-museo-archeologico-duomo-piazza-walther-passeggiata-vigneti-funivia-renon-dolomiti-800x531.jpg 800w, https:\/\/www.advhome.it\/wp-content\/uploads\/chiese-adv-home-centro-storico-bolzano-italia-mercatini-di-natale-trentino-alto-adige-museo-archeologico-duomo-piazza-walther-passeggiata-vigneti-funivia-renon-dolomiti-1200x797.jpg 1200w, https:\/\/www.advhome.it\/wp-content\/uploads\/chiese-adv-home-centro-storico-bolzano-italia-mercatini-di-natale-trentino-alto-adige-museo-archeologico-duomo-piazza-walther-passeggiata-vigneti-funivia-renon-dolomiti.jpg 2560w\" data-sizes=\"auto\" \/><\/div>\n<\/div><div class=\"fusion-title title fusion-title-14 fusion-title-center fusion-title-text fusion-title-size-five\" style=\"--awb-text-color:var(--awb-color8);--awb-margin-top:20px;--awb-margin-bottom:20px;--awb-margin-top-small:30px;--awb-font-size:17px;\"><div class=\"title-sep-container title-sep-container-left\"><div class=\"title-sep sep-single sep-solid\" style=\"border-color:#e2e2e2;\"><\/div><\/div><span class=\"awb-title-spacer\"><\/span><h5 class=\"fusion-title-heading title-heading-center\" style=\"font-family:&quot;Open Sans&quot;;font-style:normal;font-weight:400;margin:0;text-transform:uppercase;font-size:1em;line-height:1.5;\">Kirchen Bozen S\u00fcdtirol<\/h5><span class=\"awb-title-spacer\"><\/span><div class=\"title-sep-container title-sep-container-right\"><div class=\"title-sep sep-single sep-solid\" style=\"border-color:#e2e2e2;\"><\/div><\/div><\/div><\/div><\/li>\n<li class=\"fusion-layout-column fusion_builder_column fusion-builder-column-29 fusion-flex-column fusion-column-inner-bg-wrapper post-card fusion-grid-column fusion-post-cards-grid-column\" style=\"--awb-inner-bg-blend:overlay;--awb-inner-bg-size:cover;--awb-transform:translateY(0px);--awb-transform-hover:translateY(10px);--awb-flex-grow:0;--awb-flex-shrink:0;--awb-flex-grow-medium:0;--awb-flex-shrink-medium:0;--awb-flex-grow-small:0;--awb-flex-shrink-small:0;\" data-scroll-devices=\"small-visibility,medium-visibility,large-visibility\"><span class=\"fusion-column-inner-bg hover-type-none\"><a class=\"fusion-column-anchor\" href=\"https:\/\/www.advhome.it\/de\/schloesser-bozen-suedtirol\"><span class=\"fusion-column-inner-bg-image\"><\/span><\/a><\/span><div class=\"fusion-column-wrapper fusion-column-has-shadow fusion-flex-justify-content-flex-start fusion-content-layout-column\"><div class=\"fusion-classic-product-image-wrapper fusion-woo-product-image fusion-post-card-image fusion-post-card-image-1\" data-layout=\"static\" style=\"--awb-border-radius-top-left:5px;--awb-border-radius-top-right:5px;--awb-border-radius-bottom-right:5px;--awb-border-radius-bottom-left:5px;\"><div  class=\"fusion-image-wrapper\" aria-haspopup=\"true\">\n\t\t\t\t<img decoding=\"async\" width=\"2560\" height=\"1700\" src=\"https:\/\/www.advhome.it\/wp-content\/uploads\/castelli-adv-home-centro-storico-bolzano-italia-mercatini-di-natale-trentino-alto-adige-museo-archeologico-duomo-piazza-walther-passeggiata-vigneti-funivia-renon-dolomiti2.jpg\" class=\"attachment-full size-full lazyload wp-post-image\" alt=\"\" srcset=\"data:image\/svg+xml,%3Csvg%20xmlns%3D%27http%3A%2F%2Fwww.w3.org%2F2000%2Fsvg%27%20width%3D%272560%27%20height%3D%271700%27%20viewBox%3D%270%200%202560%201700%27%3E%3Crect%20width%3D%272560%27%20height%3D%271700%27%20fill-opacity%3D%220%22%2F%3E%3C%2Fsvg%3E\" data-orig-src=\"https:\/\/www.advhome.it\/wp-content\/uploads\/castelli-adv-home-centro-storico-bolzano-italia-mercatini-di-natale-trentino-alto-adige-museo-archeologico-duomo-piazza-walther-passeggiata-vigneti-funivia-renon-dolomiti2.jpg\" data-srcset=\"https:\/\/www.advhome.it\/wp-content\/uploads\/castelli-adv-home-centro-storico-bolzano-italia-mercatini-di-natale-trentino-alto-adige-museo-archeologico-duomo-piazza-walther-passeggiata-vigneti-funivia-renon-dolomiti2-200x133.jpg 200w, https:\/\/www.advhome.it\/wp-content\/uploads\/castelli-adv-home-centro-storico-bolzano-italia-mercatini-di-natale-trentino-alto-adige-museo-archeologico-duomo-piazza-walther-passeggiata-vigneti-funivia-renon-dolomiti2-400x266.jpg 400w, https:\/\/www.advhome.it\/wp-content\/uploads\/castelli-adv-home-centro-storico-bolzano-italia-mercatini-di-natale-trentino-alto-adige-museo-archeologico-duomo-piazza-walther-passeggiata-vigneti-funivia-renon-dolomiti2-600x398.jpg 600w, https:\/\/www.advhome.it\/wp-content\/uploads\/castelli-adv-home-centro-storico-bolzano-italia-mercatini-di-natale-trentino-alto-adige-museo-archeologico-duomo-piazza-walther-passeggiata-vigneti-funivia-renon-dolomiti2-800x531.jpg 800w, https:\/\/www.advhome.it\/wp-content\/uploads\/castelli-adv-home-centro-storico-bolzano-italia-mercatini-di-natale-trentino-alto-adige-museo-archeologico-duomo-piazza-walther-passeggiata-vigneti-funivia-renon-dolomiti2-1200x797.jpg 1200w, https:\/\/www.advhome.it\/wp-content\/uploads\/castelli-adv-home-centro-storico-bolzano-italia-mercatini-di-natale-trentino-alto-adige-museo-archeologico-duomo-piazza-walther-passeggiata-vigneti-funivia-renon-dolomiti2.jpg 2560w\" data-sizes=\"auto\" \/><\/div>\n<\/div><div class=\"fusion-title title fusion-title-15 fusion-title-center fusion-title-text fusion-title-size-five\" style=\"--awb-text-color:var(--awb-color8);--awb-margin-top:20px;--awb-margin-bottom:20px;--awb-margin-top-small:30px;--awb-font-size:17px;\"><div class=\"title-sep-container title-sep-container-left\"><div class=\"title-sep sep-single sep-solid\" style=\"border-color:#e2e2e2;\"><\/div><\/div><span class=\"awb-title-spacer\"><\/span><h5 class=\"fusion-title-heading title-heading-center\" style=\"font-family:&quot;Open Sans&quot;;font-style:normal;font-weight:400;margin:0;text-transform:uppercase;font-size:1em;line-height:1.5;\">Schl\u00f6sser Bozen S\u00fcdtirol<\/h5><span class=\"awb-title-spacer\"><\/span><div class=\"title-sep-container title-sep-container-right\"><div class=\"title-sep sep-single sep-solid\" style=\"border-color:#e2e2e2;\"><\/div><\/div><\/div><\/div><\/li>\n<\/ul><\/div><\/div><\/div><\/div><\/div>\n<\/div><\/div><div class=\"fusion-clearfix\"><\/div><\/article>\n<\/div><\/div><\/div><\/div><\/div><\/div><\/p>\n","protected":false},"excerpt":{"rendered":"","protected":false},"author":1,"featured_media":2811,"comment_status":"closed","ping_status":"closed","sticky":false,"template":"","format":"standard","meta":{"footnotes":""},"categories":[97],"tags":[],"class_list":["post-3242","post","type-post","status-publish","format-standard","has-post-thumbnail","hentry","category-veranstaltungen-und-aktivitaeten"],"yoast_head":"<!-- This site is optimized with the Yoast SEO plugin v26.8 - https:\/\/yoast.com\/product\/yoast-seo-wordpress\/ -->\n<title>Die Altstadt von Bozen - S\u00fcdtirol - ADV HOME Exclusive Rooms - Booking \u2013 Italia<\/title>\n<meta name=\"robots\" content=\"index, follow, max-snippet:-1, max-image-preview:large, max-video-preview:-1\" \/>\n<link rel=\"canonical\" href=\"https:\/\/www.advhome.it\/de\/die-altstadt-von-bozen-suedtirol\" \/>\n<meta property=\"og:locale\" content=\"de_DE\" \/>\n<meta property=\"og:type\" content=\"article\" \/>\n<meta property=\"og:title\" content=\"Die Altstadt von Bozen - S\u00fcdtirol - ADV HOME Exclusive Rooms - Booking \u2013 Italia\" \/>\n<meta property=\"og:url\" content=\"https:\/\/www.advhome.it\/de\/die-altstadt-von-bozen-suedtirol\" \/>\n<meta property=\"og:site_name\" content=\"ADV HOME\" \/>\n<meta property=\"article:published_time\" content=\"2024-08-01T07:08:15+00:00\" \/>\n<meta property=\"article:modified_time\" content=\"2024-09-10T22:04:29+00:00\" \/>\n<meta property=\"og:image\" content=\"https:\/\/www.advhome.it\/wp-content\/uploads\/centro-storico-adv-home-bolzano-italia-mercatini-di-natale-trentino-alto-adige-museo-archeologico-duomo-piazza-walther-passeggiata-vigneti-funivia-renon-dolomiti.jpg\" \/>\n\t<meta property=\"og:image:width\" content=\"2560\" \/>\n\t<meta property=\"og:image:height\" content=\"1700\" \/>\n\t<meta property=\"og:image:type\" content=\"image\/jpeg\" \/>\n<meta name=\"author\" content=\"admin\" \/>\n<meta name=\"twitter:card\" content=\"summary_large_image\" \/>\n<meta name=\"twitter:label1\" content=\"Verfasst von\" \/>\n\t<meta name=\"twitter:data1\" content=\"admin\" \/>\n\t<meta name=\"twitter:label2\" content=\"Gesch\u00e4tzte Lesezeit\" \/>\n\t<meta name=\"twitter:data2\" content=\"6\u00a0Minuten\" \/>\n<script type=\"application\/ld+json\" class=\"yoast-schema-graph\">{\"@context\":\"https:\/\/schema.org\",\"@graph\":[{\"@type\":\"Article\",\"@id\":\"https:\/\/www.advhome.it\/de\/die-altstadt-von-bozen-suedtirol#article\",\"isPartOf\":{\"@id\":\"https:\/\/www.advhome.it\/de\/die-altstadt-von-bozen-suedtirol\"},\"author\":{\"name\":\"admin\",\"@id\":\"https:\/\/www.advhome.it\/de#\/schema\/person\/8acdeaf71bbe1bf2b464a2d78577cf9a\"},\"headline\":\"Die Altstadt von Bozen &#8211; S\u00fcdtirol\",\"datePublished\":\"2024-08-01T07:08:15+00:00\",\"dateModified\":\"2024-09-10T22:04:29+00:00\",\"mainEntityOfPage\":{\"@id\":\"https:\/\/www.advhome.it\/de\/die-altstadt-von-bozen-suedtirol\"},\"wordCount\":7868,\"image\":{\"@id\":\"https:\/\/www.advhome.it\/de\/die-altstadt-von-bozen-suedtirol#primaryimage\"},\"thumbnailUrl\":\"https:\/\/www.advhome.it\/wp-content\/uploads\/centro-storico-adv-home-bolzano-italia-mercatini-di-natale-trentino-alto-adige-museo-archeologico-duomo-piazza-walther-passeggiata-vigneti-funivia-renon-dolomiti.jpg\",\"articleSection\":[\"Veranstaltungen und Aktivit\u00e4ten\"],\"inLanguage\":\"de\"},{\"@type\":\"WebPage\",\"@id\":\"https:\/\/www.advhome.it\/de\/die-altstadt-von-bozen-suedtirol\",\"url\":\"https:\/\/www.advhome.it\/de\/die-altstadt-von-bozen-suedtirol\",\"name\":\"Die Altstadt von Bozen - S\u00fcdtirol - ADV HOME Exclusive Rooms - Booking \u2013 Italia\",\"isPartOf\":{\"@id\":\"https:\/\/www.advhome.it\/de#website\"},\"primaryImageOfPage\":{\"@id\":\"https:\/\/www.advhome.it\/de\/die-altstadt-von-bozen-suedtirol#primaryimage\"},\"image\":{\"@id\":\"https:\/\/www.advhome.it\/de\/die-altstadt-von-bozen-suedtirol#primaryimage\"},\"thumbnailUrl\":\"https:\/\/www.advhome.it\/wp-content\/uploads\/centro-storico-adv-home-bolzano-italia-mercatini-di-natale-trentino-alto-adige-museo-archeologico-duomo-piazza-walther-passeggiata-vigneti-funivia-renon-dolomiti.jpg\",\"datePublished\":\"2024-08-01T07:08:15+00:00\",\"dateModified\":\"2024-09-10T22:04:29+00:00\",\"author\":{\"@id\":\"https:\/\/www.advhome.it\/de#\/schema\/person\/8acdeaf71bbe1bf2b464a2d78577cf9a\"},\"breadcrumb\":{\"@id\":\"https:\/\/www.advhome.it\/de\/die-altstadt-von-bozen-suedtirol#breadcrumb\"},\"inLanguage\":\"de\",\"potentialAction\":[{\"@type\":\"ReadAction\",\"target\":[\"https:\/\/www.advhome.it\/de\/die-altstadt-von-bozen-suedtirol\"]}]},{\"@type\":\"ImageObject\",\"inLanguage\":\"de\",\"@id\":\"https:\/\/www.advhome.it\/de\/die-altstadt-von-bozen-suedtirol#primaryimage\",\"url\":\"https:\/\/www.advhome.it\/wp-content\/uploads\/centro-storico-adv-home-bolzano-italia-mercatini-di-natale-trentino-alto-adige-museo-archeologico-duomo-piazza-walther-passeggiata-vigneti-funivia-renon-dolomiti.jpg\",\"contentUrl\":\"https:\/\/www.advhome.it\/wp-content\/uploads\/centro-storico-adv-home-bolzano-italia-mercatini-di-natale-trentino-alto-adige-museo-archeologico-duomo-piazza-walther-passeggiata-vigneti-funivia-renon-dolomiti.jpg\",\"width\":2560,\"height\":1700},{\"@type\":\"BreadcrumbList\",\"@id\":\"https:\/\/www.advhome.it\/de\/die-altstadt-von-bozen-suedtirol#breadcrumb\",\"itemListElement\":[{\"@type\":\"ListItem\",\"position\":1,\"name\":\"Home\",\"item\":\"https:\/\/www.advhome.it\/de\"},{\"@type\":\"ListItem\",\"position\":2,\"name\":\"Die Altstadt von Bozen &#8211; S\u00fcdtirol\"}]},{\"@type\":\"WebSite\",\"@id\":\"https:\/\/www.advhome.it\/de#website\",\"url\":\"https:\/\/www.advhome.it\/de\",\"name\":\"ADV HOME\",\"description\":\"\",\"potentialAction\":[{\"@type\":\"SearchAction\",\"target\":{\"@type\":\"EntryPoint\",\"urlTemplate\":\"https:\/\/www.advhome.it\/de?s={search_term_string}\"},\"query-input\":{\"@type\":\"PropertyValueSpecification\",\"valueRequired\":true,\"valueName\":\"search_term_string\"}}],\"inLanguage\":\"de\"},{\"@type\":\"Person\",\"@id\":\"https:\/\/www.advhome.it\/de#\/schema\/person\/8acdeaf71bbe1bf2b464a2d78577cf9a\",\"name\":\"admin\",\"image\":{\"@type\":\"ImageObject\",\"inLanguage\":\"de\",\"@id\":\"https:\/\/www.advhome.it\/de#\/schema\/person\/image\/\",\"url\":\"https:\/\/secure.gravatar.com\/avatar\/81343315bb736757eb81d938e3344500c1f5cecbccf523d6f0a63b92a06b6ef5?s=96&d=mm&r=g\",\"contentUrl\":\"https:\/\/secure.gravatar.com\/avatar\/81343315bb736757eb81d938e3344500c1f5cecbccf523d6f0a63b92a06b6ef5?s=96&d=mm&r=g\",\"caption\":\"admin\"},\"sameAs\":[\"https:\/\/www.advhome.it\"],\"url\":\"https:\/\/www.advhome.it\/de\/author\/advstudio-it\"}]}<\/script>\n<!-- \/ Yoast SEO plugin. -->","yoast_head_json":{"title":"Die Altstadt von Bozen - S\u00fcdtirol - ADV HOME Exclusive Rooms - Booking \u2013 Italia","robots":{"index":"index","follow":"follow","max-snippet":"max-snippet:-1","max-image-preview":"max-image-preview:large","max-video-preview":"max-video-preview:-1"},"canonical":"https:\/\/www.advhome.it\/de\/die-altstadt-von-bozen-suedtirol","og_locale":"de_DE","og_type":"article","og_title":"Die Altstadt von Bozen - S\u00fcdtirol - ADV HOME Exclusive Rooms - Booking \u2013 Italia","og_url":"https:\/\/www.advhome.it\/de\/die-altstadt-von-bozen-suedtirol","og_site_name":"ADV HOME","article_published_time":"2024-08-01T07:08:15+00:00","article_modified_time":"2024-09-10T22:04:29+00:00","og_image":[{"width":2560,"height":1700,"url":"https:\/\/www.advhome.it\/wp-content\/uploads\/centro-storico-adv-home-bolzano-italia-mercatini-di-natale-trentino-alto-adige-museo-archeologico-duomo-piazza-walther-passeggiata-vigneti-funivia-renon-dolomiti.jpg","type":"image\/jpeg"}],"author":"admin","twitter_card":"summary_large_image","twitter_misc":{"Verfasst von":"admin","Gesch\u00e4tzte Lesezeit":"6\u00a0Minuten"},"schema":{"@context":"https:\/\/schema.org","@graph":[{"@type":"Article","@id":"https:\/\/www.advhome.it\/de\/die-altstadt-von-bozen-suedtirol#article","isPartOf":{"@id":"https:\/\/www.advhome.it\/de\/die-altstadt-von-bozen-suedtirol"},"author":{"name":"admin","@id":"https:\/\/www.advhome.it\/de#\/schema\/person\/8acdeaf71bbe1bf2b464a2d78577cf9a"},"headline":"Die Altstadt von Bozen &#8211; S\u00fcdtirol","datePublished":"2024-08-01T07:08:15+00:00","dateModified":"2024-09-10T22:04:29+00:00","mainEntityOfPage":{"@id":"https:\/\/www.advhome.it\/de\/die-altstadt-von-bozen-suedtirol"},"wordCount":7868,"image":{"@id":"https:\/\/www.advhome.it\/de\/die-altstadt-von-bozen-suedtirol#primaryimage"},"thumbnailUrl":"https:\/\/www.advhome.it\/wp-content\/uploads\/centro-storico-adv-home-bolzano-italia-mercatini-di-natale-trentino-alto-adige-museo-archeologico-duomo-piazza-walther-passeggiata-vigneti-funivia-renon-dolomiti.jpg","articleSection":["Veranstaltungen und Aktivit\u00e4ten"],"inLanguage":"de"},{"@type":"WebPage","@id":"https:\/\/www.advhome.it\/de\/die-altstadt-von-bozen-suedtirol","url":"https:\/\/www.advhome.it\/de\/die-altstadt-von-bozen-suedtirol","name":"Die Altstadt von Bozen - S\u00fcdtirol - ADV HOME Exclusive Rooms - Booking \u2013 Italia","isPartOf":{"@id":"https:\/\/www.advhome.it\/de#website"},"primaryImageOfPage":{"@id":"https:\/\/www.advhome.it\/de\/die-altstadt-von-bozen-suedtirol#primaryimage"},"image":{"@id":"https:\/\/www.advhome.it\/de\/die-altstadt-von-bozen-suedtirol#primaryimage"},"thumbnailUrl":"https:\/\/www.advhome.it\/wp-content\/uploads\/centro-storico-adv-home-bolzano-italia-mercatini-di-natale-trentino-alto-adige-museo-archeologico-duomo-piazza-walther-passeggiata-vigneti-funivia-renon-dolomiti.jpg","datePublished":"2024-08-01T07:08:15+00:00","dateModified":"2024-09-10T22:04:29+00:00","author":{"@id":"https:\/\/www.advhome.it\/de#\/schema\/person\/8acdeaf71bbe1bf2b464a2d78577cf9a"},"breadcrumb":{"@id":"https:\/\/www.advhome.it\/de\/die-altstadt-von-bozen-suedtirol#breadcrumb"},"inLanguage":"de","potentialAction":[{"@type":"ReadAction","target":["https:\/\/www.advhome.it\/de\/die-altstadt-von-bozen-suedtirol"]}]},{"@type":"ImageObject","inLanguage":"de","@id":"https:\/\/www.advhome.it\/de\/die-altstadt-von-bozen-suedtirol#primaryimage","url":"https:\/\/www.advhome.it\/wp-content\/uploads\/centro-storico-adv-home-bolzano-italia-mercatini-di-natale-trentino-alto-adige-museo-archeologico-duomo-piazza-walther-passeggiata-vigneti-funivia-renon-dolomiti.jpg","contentUrl":"https:\/\/www.advhome.it\/wp-content\/uploads\/centro-storico-adv-home-bolzano-italia-mercatini-di-natale-trentino-alto-adige-museo-archeologico-duomo-piazza-walther-passeggiata-vigneti-funivia-renon-dolomiti.jpg","width":2560,"height":1700},{"@type":"BreadcrumbList","@id":"https:\/\/www.advhome.it\/de\/die-altstadt-von-bozen-suedtirol#breadcrumb","itemListElement":[{"@type":"ListItem","position":1,"name":"Home","item":"https:\/\/www.advhome.it\/de"},{"@type":"ListItem","position":2,"name":"Die Altstadt von Bozen &#8211; S\u00fcdtirol"}]},{"@type":"WebSite","@id":"https:\/\/www.advhome.it\/de#website","url":"https:\/\/www.advhome.it\/de","name":"ADV HOME","description":"","potentialAction":[{"@type":"SearchAction","target":{"@type":"EntryPoint","urlTemplate":"https:\/\/www.advhome.it\/de?s={search_term_string}"},"query-input":{"@type":"PropertyValueSpecification","valueRequired":true,"valueName":"search_term_string"}}],"inLanguage":"de"},{"@type":"Person","@id":"https:\/\/www.advhome.it\/de#\/schema\/person\/8acdeaf71bbe1bf2b464a2d78577cf9a","name":"admin","image":{"@type":"ImageObject","inLanguage":"de","@id":"https:\/\/www.advhome.it\/de#\/schema\/person\/image\/","url":"https:\/\/secure.gravatar.com\/avatar\/81343315bb736757eb81d938e3344500c1f5cecbccf523d6f0a63b92a06b6ef5?s=96&d=mm&r=g","contentUrl":"https:\/\/secure.gravatar.com\/avatar\/81343315bb736757eb81d938e3344500c1f5cecbccf523d6f0a63b92a06b6ef5?s=96&d=mm&r=g","caption":"admin"},"sameAs":["https:\/\/www.advhome.it"],"url":"https:\/\/www.advhome.it\/de\/author\/advstudio-it"}]}},"_links":{"self":[{"href":"https:\/\/www.advhome.it\/de\/wp-json\/wp\/v2\/posts\/3242","targetHints":{"allow":["GET"]}}],"collection":[{"href":"https:\/\/www.advhome.it\/de\/wp-json\/wp\/v2\/posts"}],"about":[{"href":"https:\/\/www.advhome.it\/de\/wp-json\/wp\/v2\/types\/post"}],"author":[{"embeddable":true,"href":"https:\/\/www.advhome.it\/de\/wp-json\/wp\/v2\/users\/1"}],"replies":[{"embeddable":true,"href":"https:\/\/www.advhome.it\/de\/wp-json\/wp\/v2\/comments?post=3242"}],"version-history":[{"count":4,"href":"https:\/\/www.advhome.it\/de\/wp-json\/wp\/v2\/posts\/3242\/revisions"}],"predecessor-version":[{"id":3254,"href":"https:\/\/www.advhome.it\/de\/wp-json\/wp\/v2\/posts\/3242\/revisions\/3254"}],"wp:featuredmedia":[{"embeddable":true,"href":"https:\/\/www.advhome.it\/de\/wp-json\/wp\/v2\/media\/2811"}],"wp:attachment":[{"href":"https:\/\/www.advhome.it\/de\/wp-json\/wp\/v2\/media?parent=3242"}],"wp:term":[{"taxonomy":"category","embeddable":true,"href":"https:\/\/www.advhome.it\/de\/wp-json\/wp\/v2\/categories?post=3242"},{"taxonomy":"post_tag","embeddable":true,"href":"https:\/\/www.advhome.it\/de\/wp-json\/wp\/v2\/tags?post=3242"}],"curies":[{"name":"wp","href":"https:\/\/api.w.org\/{rel}","templated":true}]}}